{"id":99266,"date":"2026-04-27T00:10:39","date_gmt":"2026-04-26T21:10:39","guid":{"rendered":"https:\/\/www.egemtv.com\/?p=99266"},"modified":"2026-04-27T00:10:40","modified_gmt":"2026-04-26T21:10:40","slug":"haci-adaylari-dualarla-kutsal-topraklara-ugurlandi","status":"publish","type":"post","link":"https:\/\/www.egemtv.com\/?p=99266","title":{"rendered":"Hac\u0131 adaylar\u0131 dualarla kutsal topraklara u\u011furland\u0131"},"content":{"rendered":"<p>Manisa\u2019n\u0131n Sar\u0131g\u00f6l il\u00e7esinde hac farizas\u0131n\u0131 yerine getirmek \u00fczere yola \u00e7\u0131kan hac\u0131 adaylar\u0131, d\u00fczenlenen t\u00f6ren ve dualarla kutsal topraklara u\u011furland\u0131. Veda anlar\u0131nda duygu dolu g\u00f6r\u00fcnt\u00fcler ya\u015fand\u0131.<br \/>\n<br \/>Sar\u0131g\u00f6l il\u00e7esinde hac ibadetini yerine getirmek \u00fczere kutsal topraklara gidecek olan hac\u0131 adaylar\u0131, D\u0131\u015fkahveler H\u00fcseyin G\u00fcm\u00fc\u015fl\u00fc Camisi bah\u00e7esinde d\u00fczenlenen t\u00f6renle u\u011furland\u0131.<br \/>\n<br \/>Yo\u011fun kat\u0131l\u0131m\u0131n oldu\u011fu u\u011furlama program\u0131na Halil Dalak, Tahsin Akdeniz, Metin G\u00fcvenir, hac\u0131 adaylar\u0131 ve yak\u0131nlar\u0131 kat\u0131ld\u0131.<br \/>\n<br \/>Programda Kur\u2019an-\u0131 Kerim tilaveti ve dualar okunurken, hac\u0131 adaylar\u0131 sevdikleriyle vedala\u015ft\u0131. Duygusal anlar\u0131n ya\u015fand\u0131\u011f\u0131 t\u00f6rende vatanda\u015flar, kutsal yolculu\u011fa \u00e7\u0131kan hac\u0131 adaylar\u0131na hay\u0131rl\u0131 yolculuk dileklerinde bulundu.<br \/><\/p>\n","protected":false},"excerpt":{"rendered":"<p>Manisa\u2019n\u0131n Sar\u0131g\u00f6l il\u00e7esinde hac farizas\u0131n\u0131 yerine getirmek \u00fczere yola \u00e7\u0131kan hac\u0131 adaylar\u0131, d\u00fczenlenen t\u00f6ren ve dualarla kutsal topraklara u\u011furland\u0131. Veda anlar\u0131nda duygu dolu g\u00f6r\u00fcnt\u00fcler ya\u015fand\u0131. Sar\u0131g\u00f6l il\u00e7esinde hac ibadetini yerine getirmek \u00fczere kutsal topraklara gidecek olan hac\u0131 adaylar\u0131, D\u0131\u015fkahveler H\u00fcseyin G\u00fcm\u00fc\u015fl\u00fc Camisi bah\u00e7esinde d\u00fczenlenen t\u00f6renle u\u011furland\u0131. Yo\u011fun kat\u0131l\u0131m\u0131n oldu\u011fu u\u011furlama program\u0131na Halil Dalak, Tahsin Akdeniz,&#8230;<\/p>\n","protected":false},"author":1,"featured_media":99267,"comment_status":"open","ping_status":"open","sticky":false,"template":"","format":"standard","meta":{"_crdt_document":"","footnotes":""},"categories":[123],"tags":[],"class_list":["post-99266","post","type-post","status-publish","format-standard","has-post-thumbnail","hentry","category-gundem"],"_links":{"self":[{"href":"https:\/\/www.egemtv.com\/index.php?rest_route=\/wp\/v2\/posts\/99266","targetHints":{"allow":["GET"]}}],"collection":[{"href":"https:\/\/www.egemtv.com\/index.php?rest_route=\/wp\/v2\/posts"}],"about":[{"href":"https:\/\/www.egemtv.com\/index.php?rest_route=\/wp\/v2\/types\/post"}],"author":[{"embeddable":true,"href":"https:\/\/www.egemtv.com\/index.php?rest_route=\/wp\/v2\/users\/1"}],"replies":[{"embeddable":true,"href":"https:\/\/www.egemtv.com\/index.php?rest_route=%2Fwp%2Fv2%2Fcomments&post=99266"}],"version-history":[{"count":1,"href":"https:\/\/www.egemtv.com\/index.php?rest_route=\/wp\/v2\/posts\/99266\/revisions"}],"predecessor-version":[{"id":99268,"href":"https:\/\/www.egemtv.com\/index.php?rest_route=\/wp\/v2\/posts\/99266\/revisions\/99268"}],"wp:featuredmedia":[{"embeddable":true,"href":"https:\/\/www.egemtv.com\/index.php?rest_route=\/wp\/v2\/media\/99267"}],"wp:attachment":[{"href":"https:\/\/www.egemtv.com\/index.php?rest_route=%2Fwp%2Fv2%2Fmedia&parent=99266"}],"wp:term":[{"taxonomy":"category","embeddable":true,"href":"https:\/\/www.egemtv.com\/index.php?rest_route=%2Fwp%2Fv2%2Fcategories&post=99266"},{"taxonomy":"post_tag","embeddable":true,"href":"https:\/\/www.egemtv.com\/index.php?rest_route=%2Fwp%2Fv2%2Ftags&post=99266"}],"curies":[{"name":"wp","href":"https:\/\/api.w.org\/{rel}","templated":true}]}}