{"id":99263,"date":"2026-04-26T23:35:45","date_gmt":"2026-04-26T20:35:45","guid":{"rendered":"https:\/\/www.egemtv.com\/?p=99263"},"modified":"2026-04-26T23:35:46","modified_gmt":"2026-04-26T20:35:46","slug":"ak-partili-vekil-saribas-chp-lideri-ozele-cevap","status":"publish","type":"post","link":"https:\/\/www.egemtv.com\/?p=99263","title":{"rendered":"AK Partili Vekil Sar\u0131ba\u015f, CHP Lideri \u00d6zel\u2019e cevap"},"content":{"rendered":"<p>CHP Genel Ba\u015fkan\u0131 \u00d6zg\u00fcr \u00d6zel\u2019in Ayd\u0131n B\u00fcy\u00fck\u015fehir Belediye Ba\u015fkan\u0131 \u00d6zlem \u00c7er\u00e7io\u011flu i\u00e7in sarf etti\u011fi &#8220;Ayd\u0131n\u2019da soka\u011fa \u00e7\u0131kam\u0131yor&#8221; s\u00f6zlerine, AK Parti Ayd\u0131n Milletvekili Seda Sar\u0131ba\u015f, sosyal medya hesab\u0131ndan yapt\u0131\u011f\u0131 a\u00e7\u0131klama ile cevap verdi. Sar\u0131ba\u015f konuyla ilgili a\u00e7\u0131klamas\u0131nda &#8220;Belli ki Ba\u015fkan\u0131m\u0131z\u0131n topuk sesleri sizleri \u00fcrk\u00fctm\u00fc\u015f. Sizler, yolsuzlu\u011fu, kanunsuzlu\u011fu ve rant odakl\u0131 siyaseti kendinize yol edinenleri savunmaya, ger\u00e7eklerden kopuk polemiklerle g\u00fcndemi i\u015fgal etmeye devam edebilirsiniz&#8221; ifadelerini kulland\u0131.<br \/>\n<br \/>AK Parti Ayd\u0131n Milletvekili Seda Sar\u0131ba\u015f, konuyla ilgili a\u00e7\u0131klamas\u0131nda &#8220;CHP Genel Ba\u015fkan\u0131 \u00d6zg\u00fcr \u00d6zel\u2019in, Ayd\u0131n B\u00fcy\u00fck\u015fehir Belediye Ba\u015fkan\u0131m\u0131z \u00d6zlem \u00c7er\u00e7io\u011flu hakk\u0131nda sarf etti\u011fi mesnetsiz beyanlar, siyasi bir haz\u0131ms\u0131zl\u0131\u011f\u0131n ve \u00e7aresizli\u011fin d\u0131\u015favurumudur. Belli ki Ba\u015fkan\u0131m\u0131z\u0131n topuk sesleri sizleri \u00fcrk\u00fctm\u00fc\u015f. Say\u0131n \u00d6zel \u015funu iyi bilmelidir: \u00d6zlem Ba\u015fkan\u0131m\u0131z, sizin hayal \u00fcr\u00fcn\u00fc iddialar\u0131n\u0131z\u0131n aksine; ya\u015fl\u0131lar\u0131m\u0131z\u0131n hay\u0131r duas\u0131nda, gen\u00e7lerimizin samimi g\u00f6nl\u00fcnde ve Ayd\u0131n halk\u0131n\u0131n sars\u0131lmaz g\u00fcveninde g\u00f6revini icra etmektedir. AK Parti kadrolar\u0131 olarak; birlik ve beraberli\u011fimizden ald\u0131\u011f\u0131m\u0131z g\u00fc\u00e7le, gece g\u00fcnd\u00fcz demeden sokak sokak gezmeye, kap\u0131 kap\u0131 dola\u015farak Ayd\u0131nl\u0131 hem\u015fehrilerimizin her an\u0131nda yanlar\u0131nda olmaya devam ediyoruz.<br \/>\n<br \/>Sizler, yolsuzlu\u011fu, kanunsuzlu\u011fu ve rant odakl\u0131 siyaseti kendinize yol edinenleri savunmaya, ger\u00e7eklerden kopuk polemiklerle g\u00fcndemi i\u015fgal etmeye devam edebilirsiniz. Ancak hakikat soka\u011f\u0131n ta kendisidir ve Ayd\u0131n halk\u0131, kimin ger\u00e7ek bir hizmet sevdal\u0131s\u0131 oldu\u011funu gayet iyi bilmektedir. D\u00fcn oldu\u011fu gibi bug\u00fcn de milletin g\u00f6nl\u00fcnde yeri olmayanlar, sadece karalama siyasetiyle ayakta kalmaya \u00e7al\u0131\u015fanlar yine h\u00fcsrana u\u011frayacakt\u0131r. Her zamanki gibi yine kaybedeceksiniz! Milletimizin emrinde, Ayd\u0131n\u2019\u0131n hizmetinde durmaks\u0131z\u0131n \u00e7al\u0131\u015fmaya devam edece\u011fiz&#8221; ifadelerine yer verdi.<br \/><\/p>\n","protected":false},"excerpt":{"rendered":"<p>CHP Genel Ba\u015fkan\u0131 \u00d6zg\u00fcr \u00d6zel\u2019in Ayd\u0131n B\u00fcy\u00fck\u015fehir Belediye Ba\u015fkan\u0131 \u00d6zlem \u00c7er\u00e7io\u011flu i\u00e7in sarf etti\u011fi &#8220;Ayd\u0131n\u2019da soka\u011fa \u00e7\u0131kam\u0131yor&#8221; s\u00f6zlerine, AK Parti Ayd\u0131n Milletvekili Seda Sar\u0131ba\u015f, sosyal medya hesab\u0131ndan yapt\u0131\u011f\u0131 a\u00e7\u0131klama ile cevap verdi. Sar\u0131ba\u015f konuyla ilgili a\u00e7\u0131klamas\u0131nda &#8220;Belli ki Ba\u015fkan\u0131m\u0131z\u0131n topuk sesleri sizleri \u00fcrk\u00fctm\u00fc\u015f. Sizler, yolsuzlu\u011fu, kanunsuzlu\u011fu ve rant odakl\u0131 siyaseti kendinize yol edinenleri savunmaya, ger\u00e7eklerden&#8230;<\/p>\n","protected":false},"author":1,"featured_media":99264,"comment_status":"open","ping_status":"open","sticky":false,"template":"","format":"standard","meta":{"_crdt_document":"","footnotes":""},"categories":[127],"tags":[],"class_list":["post-99263","post","type-post","status-publish","format-standard","has-post-thumbnail","hentry","category-siyaset"],"_links":{"self":[{"href":"https:\/\/www.egemtv.com\/index.php?rest_route=\/wp\/v2\/posts\/99263","targetHints":{"allow":["GET"]}}],"collection":[{"href":"https:\/\/www.egemtv.com\/index.php?rest_route=\/wp\/v2\/posts"}],"about":[{"href":"https:\/\/www.egemtv.com\/index.php?rest_route=\/wp\/v2\/types\/post"}],"author":[{"embeddable":true,"href":"https:\/\/www.egemtv.com\/index.php?rest_route=\/wp\/v2\/users\/1"}],"replies":[{"embeddable":true,"href":"https:\/\/www.egemtv.com\/index.php?rest_route=%2Fwp%2Fv2%2Fcomments&post=99263"}],"version-history":[{"count":1,"href":"https:\/\/www.egemtv.com\/index.php?rest_route=\/wp\/v2\/posts\/99263\/revisions"}],"predecessor-version":[{"id":99265,"href":"https:\/\/www.egemtv.com\/index.php?rest_route=\/wp\/v2\/posts\/99263\/revisions\/99265"}],"wp:featuredmedia":[{"embeddable":true,"href":"https:\/\/www.egemtv.com\/index.php?rest_route=\/wp\/v2\/media\/99264"}],"wp:attachment":[{"href":"https:\/\/www.egemtv.com\/index.php?rest_route=%2Fwp%2Fv2%2Fmedia&parent=99263"}],"wp:term":[{"taxonomy":"category","embeddable":true,"href":"https:\/\/www.egemtv.com\/index.php?rest_route=%2Fwp%2Fv2%2Fcategories&post=99263"},{"taxonomy":"post_tag","embeddable":true,"href":"https:\/\/www.egemtv.com\/index.php?rest_route=%2Fwp%2Fv2%2Ftags&post=99263"}],"curies":[{"name":"wp","href":"https:\/\/api.w.org\/{rel}","templated":true}]}}