{"id":99260,"date":"2026-04-26T23:35:44","date_gmt":"2026-04-26T20:35:44","guid":{"rendered":"https:\/\/www.egemtv.com\/?p=99260"},"modified":"2026-04-26T23:35:45","modified_gmt":"2026-04-26T20:35:45","slug":"usakta-kavga-ihbarina-giden-polislere-ates-acan-supheli-tutuklandi","status":"publish","type":"post","link":"https:\/\/www.egemtv.com\/?p=99260","title":{"rendered":"U\u015fak\u2019ta kavga ihbar\u0131na giden polislere ate\u015f a\u00e7an \u015f\u00fcpheli tutukland\u0131"},"content":{"rendered":"<p>U\u015fak\u2019\u0131n Ulubey il\u00e7esinde aile i\u00e7i \u015fiddet ihbar\u0131na giden polis ekiplerine pompal\u0131 t\u00fcfekle ate\u015f a\u00e7arak 2 polisi yaralayan \u015f\u00fcpheli, \u00e7\u0131kar\u0131ld\u0131\u011f\u0131 mahkemece tutukland\u0131.<br \/>\n<br \/>Ulubey il\u00e7esi Dilaver Mahallesi Kurtulu\u015f Caddesi\u2019nde meydana gelen olayda, aile i\u00e7i \u015fiddet ve kavga ihbar\u0131 \u00fczerine adrese giden polis ekiplerine bah\u00e7eden pompal\u0131 t\u00fcfekle ate\u015f a\u00e7\u0131ld\u0131. A\u00e7\u0131lan ate\u015f sonucu polis memurlar\u0131 \u0130.\u015e. ve E.E.A. yaraland\u0131. \u0130hbar \u00fczerine b\u00f6lgeye \u00e7ok say\u0131da polis ve 112 Acil Sa\u011fl\u0131k ekibi sevk edildi. Yaral\u0131 polisler, sa\u011fl\u0131k ekiplerinin ilk m\u00fcdahalesinin ard\u0131ndan U\u015fak E\u011fitim ve Ara\u015ft\u0131rma Hastanesi\u2019ne kald\u0131r\u0131ld\u0131. Olay\u0131n ard\u0131ndan ka\u00e7an \u015f\u00fcphelinin E.R. (40) oldu\u011fu tespit edildi. B\u00f6lgede geni\u015f g\u00fcvenlik \u00f6nlemleri al\u0131n\u0131rken, dron destekli aramalar sonucunda \u015f\u00fcphelinin il\u00e7e merkezinde metruk bir binada sakland\u0131\u011f\u0131 belirlendi. \u015e\u00fcphelinin b\u00f6lgeye gelen ekiplere yeniden ate\u015f a\u00e7mas\u0131 \u00fczerine olay yerine \u00f6zel harek\u00e2t ekipleri sevk edildi. Yakla\u015f\u0131k 3 saat s\u00fcren ikna \u00e7abalar\u0131 sonucu teslim olan \u015f\u00fcpheli g\u00f6zalt\u0131na al\u0131nd\u0131.<\/p>\n<p>&#8220;Bir polisimizin durumu biraz a\u011f\u0131r, di\u011fer arkada\u015f\u0131m\u0131z baca\u011f\u0131ndan yaraland\u0131&#8221;<br \/>\n<br \/>U\u015fak Valisi Serdar Kartal, Ulubey \u0130l\u00e7e Emniyet M\u00fcd\u00fcrl\u00fc\u011f\u00fc\u2019ne gelerek, olayla alakal\u0131 Ulubey Kaymakam\u0131 \u0130brahim \u00c7o\u015fkunaslan, \u0130l Emniyet M\u00fcd\u00fcr\u00fc Taner \u00c7ift\u00e7i ve \u0130l Jandarma Komutan\u0131 \u00d6zg\u00fcr K\u0131l\u0131\u00e7\u2019tan bilgi ald\u0131. Vali Kartal yapt\u0131\u011f\u0131 a\u00e7\u0131klamada, &#8220;Bug\u00fcn Ulubey il\u00e7emizde menfur bir sald\u0131r\u0131 ya\u015fad\u0131k. Aile i\u00e7i \u015fiddetle ilgili \u015fikayete giden polis arkada\u015flar\u0131m\u0131za bir sald\u0131rgan \u015fah\u0131s taraf\u0131ndan pompal\u0131 t\u00fcfekle yak\u0131n mesafeden ate\u015f a\u00e7\u0131ld\u0131. Bir polisimizin durumu biraz a\u011f\u0131r oldu\u011fu i\u00e7in onu \u0130zmir\u2019e sevk ettik. Di\u011fer arkada\u015f\u0131m\u0131z da baca\u011f\u0131ndan yaraland\u0131. Onu da taburcu ettiler, \u015fimdi evinde istirahat halinde. Sald\u0131rgan \u015fah\u0131s da bizim \u00f6zel harekat ekiplerimiz taraf\u0131ndan ikna edilerek sa\u011f olarak ele ge\u00e7irildi. Bu konuyla ilgili hem adli hem idari soru\u015fturmam\u0131z devam ediyor&#8221; dedi.<br \/>\n<br \/>Jandarma ekipleri taraf\u0131ndan g\u00f6zalt\u0131na al\u0131nan \u015f\u00fcpheli E.R., i\u015flemlerinin ard\u0131ndan adliyeye sevk edildi. \u015e\u00fcpheli, \u00e7\u0131kar\u0131ld\u0131\u011f\u0131 n\u00f6bet\u00e7i mahkemece tutuklanarak cezaevine g\u00f6nderildi.<br \/><\/p>\n","protected":false},"excerpt":{"rendered":"<p>U\u015fak\u2019\u0131n Ulubey il\u00e7esinde aile i\u00e7i \u015fiddet ihbar\u0131na giden polis ekiplerine pompal\u0131 t\u00fcfekle ate\u015f a\u00e7arak 2 polisi yaralayan \u015f\u00fcpheli, \u00e7\u0131kar\u0131ld\u0131\u011f\u0131 mahkemece tutukland\u0131. Ulubey il\u00e7esi Dilaver Mahallesi Kurtulu\u015f Caddesi\u2019nde meydana gelen olayda, aile i\u00e7i \u015fiddet ve kavga ihbar\u0131 \u00fczerine adrese giden polis ekiplerine bah\u00e7eden pompal\u0131 t\u00fcfekle ate\u015f a\u00e7\u0131ld\u0131. A\u00e7\u0131lan ate\u015f sonucu polis memurlar\u0131 \u0130.\u015e. ve E.E.A. yaraland\u0131&#8230;.<\/p>\n","protected":false},"author":1,"featured_media":99261,"comment_status":"open","ping_status":"open","sticky":false,"template":"","format":"standard","meta":{"_crdt_document":"","footnotes":""},"categories":[5],"tags":[],"class_list":["post-99260","post","type-post","status-publish","format-standard","has-post-thumbnail","hentry","category-asayis"],"_links":{"self":[{"href":"https:\/\/www.egemtv.com\/index.php?rest_route=\/wp\/v2\/posts\/99260","targetHints":{"allow":["GET"]}}],"collection":[{"href":"https:\/\/www.egemtv.com\/index.php?rest_route=\/wp\/v2\/posts"}],"about":[{"href":"https:\/\/www.egemtv.com\/index.php?rest_route=\/wp\/v2\/types\/post"}],"author":[{"embeddable":true,"href":"https:\/\/www.egemtv.com\/index.php?rest_route=\/wp\/v2\/users\/1"}],"replies":[{"embeddable":true,"href":"https:\/\/www.egemtv.com\/index.php?rest_route=%2Fwp%2Fv2%2Fcomments&post=99260"}],"version-history":[{"count":1,"href":"https:\/\/www.egemtv.com\/index.php?rest_route=\/wp\/v2\/posts\/99260\/revisions"}],"predecessor-version":[{"id":99262,"href":"https:\/\/www.egemtv.com\/index.php?rest_route=\/wp\/v2\/posts\/99260\/revisions\/99262"}],"wp:featuredmedia":[{"embeddable":true,"href":"https:\/\/www.egemtv.com\/index.php?rest_route=\/wp\/v2\/media\/99261"}],"wp:attachment":[{"href":"https:\/\/www.egemtv.com\/index.php?rest_route=%2Fwp%2Fv2%2Fmedia&parent=99260"}],"wp:term":[{"taxonomy":"category","embeddable":true,"href":"https:\/\/www.egemtv.com\/index.php?rest_route=%2Fwp%2Fv2%2Fcategories&post=99260"},{"taxonomy":"post_tag","embeddable":true,"href":"https:\/\/www.egemtv.com\/index.php?rest_route=%2Fwp%2Fv2%2Ftags&post=99260"}],"curies":[{"name":"wp","href":"https:\/\/api.w.org\/{rel}","templated":true}]}}