{"id":99254,"date":"2026-04-26T23:01:05","date_gmt":"2026-04-26T20:01:05","guid":{"rendered":"https:\/\/www.egemtv.com\/?p=99254"},"modified":"2026-04-26T23:01:06","modified_gmt":"2026-04-26T20:01:06","slug":"gordeste-geleneksel-koy-hayrina-yogun-katilim","status":"publish","type":"post","link":"https:\/\/www.egemtv.com\/?p=99254","title":{"rendered":"G\u00f6rdes\u2019te geleneksel k\u00f6y hayr\u0131na yo\u011fun kat\u0131l\u0131m"},"content":{"rendered":"<p>Manisa\u2019n\u0131n G\u00f6rdes il\u00e7esine ba\u011fl\u0131 T\u00fcp\u00fcler Mahallesi\u2019nde d\u00fczenlenen geleneksel k\u00f6y hayr\u0131na yakla\u015f\u0131k 2 bin ki\u015fi kat\u0131ld\u0131. Birlik ve beraberlik mesajlar\u0131n\u0131n verildi\u011fi etkinlikte vatanda\u015flara kazanlar dolusu y\u00f6resel yemek ikram edildi.<br \/>\n<br \/>G\u00f6rdes\u2019e 13 kilometre uzakl\u0131kta bulunan, t\u00fct\u00fcn \u00fcretimi ve hayvanc\u0131l\u0131kla ge\u00e7imini sa\u011flayan T\u00fcp\u00fcler Mahallesi\u2019nde sabah\u0131n erken saatlerinde ba\u015flayan haz\u0131rl\u0131klarla dev kazanlarda yemekler pi\u015firildi. Okul bah\u00e7esinde ger\u00e7ekle\u015ftirilen program, b\u00f6lgenin tan\u0131nm\u0131\u015f haf\u0131z ve mevlithanlar\u0131 Sefer Akta\u015f, Ali Kayahan, Fethi Erol ve \u0130smail B\u00fc\u00e7er\u2019in okudu\u011fu mevlit, ilahi ve Kur\u2019an-\u0131 Kerim tilavetiyle ba\u015flad\u0131. Alan\u0131 dolduran vatanda\u015flar dualara hep birlikte amin dedi.<br \/>\n<br \/>T\u00fcp\u00fcler Mahallesi Muhtar\u0131 Suat G\u00fcler, aylar \u00f6ncesinden haz\u0131rl\u0131klar\u0131na ba\u015flad\u0131klar\u0131 geleneksel k\u00f6y hayr\u0131n\u0131 b\u00fcy\u00fck bir kat\u0131l\u0131mla ger\u00e7ekle\u015ftirdiklerini belirterek, &#8220;K\u00f6y hay\u0131rlar\u0131, mahalle halk\u0131n\u0131 bir araya getiren ve dayan\u0131\u015fma k\u00fclt\u00fcr\u00fcn\u00fc ya\u015fatan \u00f6nemli organizasyonlard\u0131r. Her ya\u015ftan vatanda\u015f\u0131m\u0131z\u0131n kat\u0131l\u0131m\u0131yla geni\u015f bir bulu\u015fma ortam\u0131 olu\u015fuyor. Bu y\u0131lki hayr\u0131m\u0131za yo\u011fun ilgi g\u00f6sterildi. Kat\u0131lan herkese g\u00f6n\u00fclden te\u015fekk\u00fcr ediyorum&#8221; dedi.<br \/>\n<br \/>Etkinlikte vatanda\u015flara \u00e7orba, ke\u015fkek, tas kebab\u0131, yo\u011furtlu makarna, tur\u015fu ve kaday\u0131f ikram edildi.<br \/>\n<br \/>T\u00fcp\u00fcler Mahallesi\u2019ndeki hayra AK Parti G\u00f6rdes \u0130l\u00e7e Ba\u015fkan\u0131 Veli D\u00fcndar, CHP G\u00f6rdes \u0130l\u00e7e Ba\u015fkan\u0131 G\u00f6khan Koyunlu, Muhtarlar Derne\u011fi Ba\u015fkan\u0131 Ali \u00c7ift\u00e7i, \u00e7ok say\u0131da mahalle muhtar\u0131 ile Akhisar ba\u015fta olmak \u00fczere Manisa, \u0130zmir, Bal\u0131kesir ve Bursa \u00e7evresinden binlerce ki\u015fi kat\u0131ld\u0131.<br \/><\/p>\n","protected":false},"excerpt":{"rendered":"<p>Manisa\u2019n\u0131n G\u00f6rdes il\u00e7esine ba\u011fl\u0131 T\u00fcp\u00fcler Mahallesi\u2019nde d\u00fczenlenen geleneksel k\u00f6y hayr\u0131na yakla\u015f\u0131k 2 bin ki\u015fi kat\u0131ld\u0131. Birlik ve beraberlik mesajlar\u0131n\u0131n verildi\u011fi etkinlikte vatanda\u015flara kazanlar dolusu y\u00f6resel yemek ikram edildi. G\u00f6rdes\u2019e 13 kilometre uzakl\u0131kta bulunan, t\u00fct\u00fcn \u00fcretimi ve hayvanc\u0131l\u0131kla ge\u00e7imini sa\u011flayan T\u00fcp\u00fcler Mahallesi\u2019nde sabah\u0131n erken saatlerinde ba\u015flayan haz\u0131rl\u0131klarla dev kazanlarda yemekler pi\u015firildi. Okul bah\u00e7esinde ger\u00e7ekle\u015ftirilen program, b\u00f6lgenin&#8230;<\/p>\n","protected":false},"author":1,"featured_media":99255,"comment_status":"open","ping_status":"open","sticky":false,"template":"","format":"standard","meta":{"_crdt_document":"","footnotes":""},"categories":[123],"tags":[],"class_list":["post-99254","post","type-post","status-publish","format-standard","has-post-thumbnail","hentry","category-gundem"],"_links":{"self":[{"href":"https:\/\/www.egemtv.com\/index.php?rest_route=\/wp\/v2\/posts\/99254","targetHints":{"allow":["GET"]}}],"collection":[{"href":"https:\/\/www.egemtv.com\/index.php?rest_route=\/wp\/v2\/posts"}],"about":[{"href":"https:\/\/www.egemtv.com\/index.php?rest_route=\/wp\/v2\/types\/post"}],"author":[{"embeddable":true,"href":"https:\/\/www.egemtv.com\/index.php?rest_route=\/wp\/v2\/users\/1"}],"replies":[{"embeddable":true,"href":"https:\/\/www.egemtv.com\/index.php?rest_route=%2Fwp%2Fv2%2Fcomments&post=99254"}],"version-history":[{"count":1,"href":"https:\/\/www.egemtv.com\/index.php?rest_route=\/wp\/v2\/posts\/99254\/revisions"}],"predecessor-version":[{"id":99256,"href":"https:\/\/www.egemtv.com\/index.php?rest_route=\/wp\/v2\/posts\/99254\/revisions\/99256"}],"wp:featuredmedia":[{"embeddable":true,"href":"https:\/\/www.egemtv.com\/index.php?rest_route=\/wp\/v2\/media\/99255"}],"wp:attachment":[{"href":"https:\/\/www.egemtv.com\/index.php?rest_route=%2Fwp%2Fv2%2Fmedia&parent=99254"}],"wp:term":[{"taxonomy":"category","embeddable":true,"href":"https:\/\/www.egemtv.com\/index.php?rest_route=%2Fwp%2Fv2%2Fcategories&post=99254"},{"taxonomy":"post_tag","embeddable":true,"href":"https:\/\/www.egemtv.com\/index.php?rest_route=%2Fwp%2Fv2%2Ftags&post=99254"}],"curies":[{"name":"wp","href":"https:\/\/api.w.org\/{rel}","templated":true}]}}