{"id":99251,"date":"2026-04-26T20:05:54","date_gmt":"2026-04-26T17:05:54","guid":{"rendered":"https:\/\/www.egemtv.com\/?p=99251"},"modified":"2026-04-26T20:05:55","modified_gmt":"2026-04-26T17:05:55","slug":"kutahyada-oryantiring-milli-takim-secmeleri-tamamlandi","status":"publish","type":"post","link":"https:\/\/www.egemtv.com\/?p=99251","title":{"rendered":"K\u00fctahya\u2019da Oryantiring milli tak\u0131m se\u00e7meleri tamamland\u0131"},"content":{"rendered":"<p>K\u00fctahya, T\u00fcrkiye\u2019nin en yetenekli oryantiring sporcular\u0131n\u0131 a\u011f\u0131rlad\u0131. Tav\u015fanl\u0131 ve Domani\u00e7 il\u00e7elerinde ger\u00e7ekle\u015ftirilen Milli Tak\u0131m Se\u00e7me Yar\u0131\u015fmalar\u0131\u2019nda 25 kul\u00fcpten 81 sporcu; harita ve pusula yard\u0131m\u0131yla, belirlenen hedeflere en k\u0131sa s\u00fcrede ula\u015fmak i\u00e7in zamana kar\u015f\u0131 yar\u0131\u015ft\u0131.<br \/>\n<br \/>Yar\u0131\u015fmalar\u0131n ilk etab\u0131, Tav\u015fanl\u0131 il\u00e7esine ba\u011fl\u0131 Ayval\u0131 K\u00f6y\u00fc G\u00f6leti parkurunda &#8220;uzun mesafe&#8221; yar\u0131\u015f\u0131yla start ald\u0131. Dayan\u0131kl\u0131l\u0131\u011f\u0131n \u00f6n plana \u00e7\u0131kt\u0131\u011f\u0131 bu zorlu parkuru ba\u015far\u0131yla tamamlayan sporcular, ikinci g\u00fcn Domani\u00e7 Topuk Yayla Tabiat Park\u0131\u2019n\u0131n teknik ve strateji gerektiren &#8220;orta mesafe&#8221; parkurunda yeteneklerini sergiledi.<br \/>\n<br \/>Organizasyonun final etab\u0131 ise Tav\u015fanl\u0131 il\u00e7e merkezinde yap\u0131ld\u0131. \u015eehir dokusuyla birle\u015fen parkurda sporcular, Cumhuriyet Meydan\u0131\u2019ndaki var\u0131\u015f noktas\u0131na ula\u015fmak i\u00e7in k\u0131yas\u0131ya bir sprint m\u00fccadelesi verdi. Yar\u0131\u015fmalar sonunda d\u00fczenlenen madalya t\u00f6renine; K\u00fctahya Valisi Musa I\u015f\u0131n, AK Parti K\u00fctahya Milletvekili Mehmet Demir, Tav\u015fanl\u0131 Belediye Ba\u015fkan\u0131 Ali Kemal Derin ve \u00e7ok say\u0131da protokol \u00fcyesi kat\u0131ld\u0131.<br \/>\n<br \/>Uzun ve orta mesafe kategorilerinde sergiledikleri performansla dikkat \u00e7eken isimler \u015funlar oldu:<br \/>\n<br \/>&#8220;Kuzey Ba\u015fol, Poyraz Vural, Zeynep \u0130\u00e7yer, Melek Tekin, Elif G\u00f6kce Avc\u0131 Ataman&#8221;<\/p>\n<p>T\u00f6rende konu\u015fan Tav\u015fanl\u0131 Belediye Ba\u015fkan\u0131 Ali Kemal Derin, organizasyonun \u00f6nemine de\u011finerek \u015fu ifadeleri kulland\u0131:<br \/>\n<br \/>&#8220;Oryantiring bran\u015f\u0131nda Milli Tak\u0131m se\u00e7melerinin il\u00e7emizde yap\u0131lmas\u0131 bizler i\u00e7in \u00e7ok \u00f6nemliydi. Valimiz ve Federasyon Ba\u015fkan\u0131m\u0131z ba\u015fta olmak \u00fczere organizasyonda eme\u011fi ge\u00e7en ve kat\u0131lan t\u00fcm sporcu ve misafirlerimize il\u00e7emiz ad\u0131na te\u015fekk\u00fcrlerimi iletiyorum.&#8221;<br \/>\n<br \/>K\u00fctahya parkurlar\u0131n\u0131n hem fiziksel hem de teknik a\u00e7\u0131dan kendilerini zorlad\u0131\u011f\u0131n\u0131 belirten sporcular, &#8220;Tav\u015fanl\u0131 \u015fehir merkezi parkuru sayesinde il\u00e7eyi ve yerel k\u00fclt\u00fcr\u00fc tan\u0131ma f\u0131rsat\u0131 bulduk. \u00dc\u00e7 g\u00fcn boyunca hem zorlu hem de \u00e7ok keyifli bir deneyim ya\u015fad\u0131k&#8221; diyerek memnuniyetlerini dile getirdiler.<br \/>\n<br \/>15 \u015fehirden gelen sporcular\u0131n milli tak\u0131m bileti almak i\u00e7in sergiledi\u011fi bu dev organizasyonun ikinci aya\u011f\u0131n\u0131n Haziran ay\u0131nda ger\u00e7ekle\u015ftirilece\u011fi bildirildi.<br \/><\/p>\n","protected":false},"excerpt":{"rendered":"<p>K\u00fctahya, T\u00fcrkiye\u2019nin en yetenekli oryantiring sporcular\u0131n\u0131 a\u011f\u0131rlad\u0131. Tav\u015fanl\u0131 ve Domani\u00e7 il\u00e7elerinde ger\u00e7ekle\u015ftirilen Milli Tak\u0131m Se\u00e7me Yar\u0131\u015fmalar\u0131\u2019nda 25 kul\u00fcpten 81 sporcu; harita ve pusula yard\u0131m\u0131yla, belirlenen hedeflere en k\u0131sa s\u00fcrede ula\u015fmak i\u00e7in zamana kar\u015f\u0131 yar\u0131\u015ft\u0131. Yar\u0131\u015fmalar\u0131n ilk etab\u0131, Tav\u015fanl\u0131 il\u00e7esine ba\u011fl\u0131 Ayval\u0131 K\u00f6y\u00fc G\u00f6leti parkurunda &#8220;uzun mesafe&#8221; yar\u0131\u015f\u0131yla start ald\u0131. Dayan\u0131kl\u0131l\u0131\u011f\u0131n \u00f6n plana \u00e7\u0131kt\u0131\u011f\u0131 bu zorlu&#8230;<\/p>\n","protected":false},"author":1,"featured_media":99252,"comment_status":"open","ping_status":"open","sticky":false,"template":"","format":"standard","meta":{"_crdt_document":"","footnotes":""},"categories":[4],"tags":[],"class_list":["post-99251","post","type-post","status-publish","format-standard","has-post-thumbnail","hentry","category-spor"],"_links":{"self":[{"href":"https:\/\/www.egemtv.com\/index.php?rest_route=\/wp\/v2\/posts\/99251","targetHints":{"allow":["GET"]}}],"collection":[{"href":"https:\/\/www.egemtv.com\/index.php?rest_route=\/wp\/v2\/posts"}],"about":[{"href":"https:\/\/www.egemtv.com\/index.php?rest_route=\/wp\/v2\/types\/post"}],"author":[{"embeddable":true,"href":"https:\/\/www.egemtv.com\/index.php?rest_route=\/wp\/v2\/users\/1"}],"replies":[{"embeddable":true,"href":"https:\/\/www.egemtv.com\/index.php?rest_route=%2Fwp%2Fv2%2Fcomments&post=99251"}],"version-history":[{"count":1,"href":"https:\/\/www.egemtv.com\/index.php?rest_route=\/wp\/v2\/posts\/99251\/revisions"}],"predecessor-version":[{"id":99253,"href":"https:\/\/www.egemtv.com\/index.php?rest_route=\/wp\/v2\/posts\/99251\/revisions\/99253"}],"wp:featuredmedia":[{"embeddable":true,"href":"https:\/\/www.egemtv.com\/index.php?rest_route=\/wp\/v2\/media\/99252"}],"wp:attachment":[{"href":"https:\/\/www.egemtv.com\/index.php?rest_route=%2Fwp%2Fv2%2Fmedia&parent=99251"}],"wp:term":[{"taxonomy":"category","embeddable":true,"href":"https:\/\/www.egemtv.com\/index.php?rest_route=%2Fwp%2Fv2%2Fcategories&post=99251"},{"taxonomy":"post_tag","embeddable":true,"href":"https:\/\/www.egemtv.com\/index.php?rest_route=%2Fwp%2Fv2%2Ftags&post=99251"}],"curies":[{"name":"wp","href":"https:\/\/api.w.org\/{rel}","templated":true}]}}