{"id":99248,"date":"2026-04-26T19:31:10","date_gmt":"2026-04-26T16:31:10","guid":{"rendered":"https:\/\/www.egemtv.com\/?p=99248"},"modified":"2026-04-26T19:31:12","modified_gmt":"2026-04-26T16:31:12","slug":"muglada-afet-gonulluleri-datcada-bulustu","status":"publish","type":"post","link":"https:\/\/www.egemtv.com\/?p=99248","title":{"rendered":"Mu\u011fla\u2019da afet g\u00f6n\u00fcll\u00fcleri Dat\u00e7a\u2019da bulu\u015ftu"},"content":{"rendered":"<p>Mu\u011fla\u2019da Mahalle Afet G\u00f6n\u00fcll\u00fcleri Acil M\u00fcdahale (MAG AME) ekipleri taraf\u0131ndan Dat\u00e7a il\u00e7esinde d\u00fczenlenen e\u011fitim ve koordinasyon kamp\u0131 tamamland\u0131.<\/p>\n<p>24-26 Nisan 2026 tarihleri aras\u0131nda ger\u00e7ekle\u015ftirilen kampa Dat\u00e7a, Marmaris, Fethiye, Bodrum ve Mente\u015fe il\u00e7elerinden toplam 70 g\u00f6n\u00fcll\u00fc kat\u0131ld\u0131. Kamp s\u00fcresince ekiplerin saha kabiliyetlerini art\u0131rmaya y\u00f6nelik \u00e7e\u015fitli uygulamal\u0131 e\u011fitimler ger\u00e7ekle\u015ftirildi. G\u00f6n\u00fcll\u00fcler, intikal e\u011fitimleri, kay\u0131p \u015fah\u0131s arama \u00e7al\u0131\u015fmalar\u0131 ve koordinat belirleme uygulamalar\u0131n\u0131n yan\u0131 s\u0131ra kamp\u00e7\u0131l\u0131k faaliyetleri ile hem teorik hem de pratik anlamda e\u011fitim ald\u0131. Programda ayr\u0131ca ekipler aras\u0131 uyumun art\u0131r\u0131lmas\u0131na y\u00f6nelik tak\u0131m \u00e7al\u0131\u015fmalar\u0131 da yer ald\u0131.<\/p>\n<p>D\u00fczenlenen kamp ile g\u00f6n\u00fcll\u00fc ekiplerin afetlere m\u00fcdahale kapasitesinin g\u00fc\u00e7lendirilmesi, koordinasyon becerilerinin geli\u015ftirilmesi ve sahada daha etkin g\u00f6rev alabilmelerinin sa\u011flanmas\u0131 hedeflenirken, kamp s\u00fcresince Dat\u00e7a Kaymakaml\u0131\u011f\u0131, Dat\u00e7a Belediyesi, \u0130l\u00e7e Jandarma B\u00f6l\u00fck Komutanl\u0131\u011f\u0131 ve Orman \u0130\u015fletme M\u00fcd\u00fcrl\u00fc\u011f\u00fc taraf\u0131ndan sa\u011flanan destekler, faaliyetlerin g\u00fcvenli ve verimli \u015fekilde y\u00fcr\u00fct\u00fclmesine katk\u0131 sundu.<\/p>\n<p>Mu\u011fla MAG AME ekiplerinin, afetlere haz\u0131rl\u0131k kapsam\u0131nda e\u011fitim ve organizasyon \u00e7al\u0131\u015fmalar\u0131n\u0131 s\u00fcrd\u00fcrece\u011fi bildirildi.<br \/><\/p>\n","protected":false},"excerpt":{"rendered":"<p>Mu\u011fla\u2019da Mahalle Afet G\u00f6n\u00fcll\u00fcleri Acil M\u00fcdahale (MAG AME) ekipleri taraf\u0131ndan Dat\u00e7a il\u00e7esinde d\u00fczenlenen e\u011fitim ve koordinasyon kamp\u0131 tamamland\u0131. 24-26 Nisan 2026 tarihleri aras\u0131nda ger\u00e7ekle\u015ftirilen kampa Dat\u00e7a, Marmaris, Fethiye, Bodrum ve Mente\u015fe il\u00e7elerinden toplam 70 g\u00f6n\u00fcll\u00fc kat\u0131ld\u0131. Kamp s\u00fcresince ekiplerin saha kabiliyetlerini art\u0131rmaya y\u00f6nelik \u00e7e\u015fitli uygulamal\u0131 e\u011fitimler ger\u00e7ekle\u015ftirildi. G\u00f6n\u00fcll\u00fcler, intikal e\u011fitimleri, kay\u0131p \u015fah\u0131s arama \u00e7al\u0131\u015fmalar\u0131 ve&#8230;<\/p>\n","protected":false},"author":1,"featured_media":99249,"comment_status":"open","ping_status":"open","sticky":false,"template":"","format":"standard","meta":{"_crdt_document":"","footnotes":""},"categories":[1],"tags":[],"class_list":["post-99248","post","type-post","status-publish","format-standard","has-post-thumbnail","hentry","category-guncel"],"_links":{"self":[{"href":"https:\/\/www.egemtv.com\/index.php?rest_route=\/wp\/v2\/posts\/99248","targetHints":{"allow":["GET"]}}],"collection":[{"href":"https:\/\/www.egemtv.com\/index.php?rest_route=\/wp\/v2\/posts"}],"about":[{"href":"https:\/\/www.egemtv.com\/index.php?rest_route=\/wp\/v2\/types\/post"}],"author":[{"embeddable":true,"href":"https:\/\/www.egemtv.com\/index.php?rest_route=\/wp\/v2\/users\/1"}],"replies":[{"embeddable":true,"href":"https:\/\/www.egemtv.com\/index.php?rest_route=%2Fwp%2Fv2%2Fcomments&post=99248"}],"version-history":[{"count":1,"href":"https:\/\/www.egemtv.com\/index.php?rest_route=\/wp\/v2\/posts\/99248\/revisions"}],"predecessor-version":[{"id":99250,"href":"https:\/\/www.egemtv.com\/index.php?rest_route=\/wp\/v2\/posts\/99248\/revisions\/99250"}],"wp:featuredmedia":[{"embeddable":true,"href":"https:\/\/www.egemtv.com\/index.php?rest_route=\/wp\/v2\/media\/99249"}],"wp:attachment":[{"href":"https:\/\/www.egemtv.com\/index.php?rest_route=%2Fwp%2Fv2%2Fmedia&parent=99248"}],"wp:term":[{"taxonomy":"category","embeddable":true,"href":"https:\/\/www.egemtv.com\/index.php?rest_route=%2Fwp%2Fv2%2Fcategories&post=99248"},{"taxonomy":"post_tag","embeddable":true,"href":"https:\/\/www.egemtv.com\/index.php?rest_route=%2Fwp%2Fv2%2Ftags&post=99248"}],"curies":[{"name":"wp","href":"https:\/\/api.w.org\/{rel}","templated":true}]}}