{"id":99245,"date":"2026-04-26T19:31:08","date_gmt":"2026-04-26T16:31:08","guid":{"rendered":"https:\/\/www.egemtv.com\/?p=99245"},"modified":"2026-04-26T19:31:10","modified_gmt":"2026-04-26T16:31:10","slug":"fethiye-babadag-ultra-maratonu-tamamlandi","status":"publish","type":"post","link":"https:\/\/www.egemtv.com\/?p=99245","title":{"rendered":"Fethiye Babada\u011f Ultra Maratonu tamamland\u0131"},"content":{"rendered":"<p>Mu\u011fla\u2019n\u0131n Fethiye il\u00e7esinde \u00d6l\u00fcdeniz\u2019in e\u015fsiz do\u011fas\u0131nda ger\u00e7ekle\u015ftirilen Babada\u011f Ultra Maratonu tamamland\u0131. Yerli ve yabanc\u0131 sporcular\u0131n yo\u011fun kat\u0131l\u0131m\u0131yla ger\u00e7ekle\u015fen etkinlik, renkli g\u00f6r\u00fcnt\u00fclere sahne oldu.<br \/>\n<br \/>T\u00fcrkiye\u2019nin yan\u0131 s\u0131ra \u0130ngiltere, Rusya, Bel\u00e7ika, Ukrayna, Norve\u00e7, Polonya, \u0130spanya, Bermuda, Avusturya ve Finlandiya ba\u015fta olmak \u00fczere toplam 15 \u00fclkeden yakla\u015f\u0131k 100 yabanc\u0131 sporcunun yer ald\u0131\u011f\u0131 maraton, 2 g\u00fcn boyunca 1000\u2019den fazla sporcuyla uluslararas\u0131 bir spor \u015f\u00f6leni atmosferi olu\u015fturdu. Babada\u011f Ultra Maratonu, yaln\u0131zca profesyonel sporcular\u0131n de\u011fil, her ya\u015ftan kat\u0131l\u0131mc\u0131n\u0131n ilgisini \u00e7ekti. Sabah saat 09.00 itibar\u0131yla ba\u015flayan 5K \u00d6l\u00fcdeniz Run ve 14K Kayak\u00f6y History Run kategorilerinin ard\u0131ndan 23 Nisan\u2019a \u00f6zel d\u00fczenlenen \u00c7ocuk Ko\u015fusu ile etkinlik alan\u0131 adeta festival havas\u0131na b\u00fcr\u00fcnd\u00fc.<\/p>\n<p>Dereceye girenler belli oldu<br \/>\n<br \/>5K \u00d6l\u00fcdeniz Run kategorisinden Erkekler de Emre Sevin\u00e7 birincili\u011fi al\u0131rken, Mehmet Ayd\u0131ng\u00f6r ikinci ve Yi\u011fit Berk Kurular \u00fc\u00e7\u00fcnc\u00fc oldu. Kad\u0131nlarda ise birinci Elif Karabulut Da\u011fdelen, ikinci G\u00f6k\u00e7e Bakar ve \u00fc\u00e7\u00fcnc\u00fc Zehra Seda Y\u0131ld\u0131z oldu. 14K Kayak\u00f6y History yar\u0131\u015f\u0131nda finali g\u00f6ren ilk isim G\u00f6khan G\u00fcndo\u011fan olurken, yar\u0131\u015f\u0131 U\u011fur Pehlivan ikinci, Ramis Nuraliev ise \u00fc\u00e7\u00fcnc\u00fc s\u0131rada tamamland\u0131. Kad\u0131nlarda ise birinci Elmira Ravilova, ikinci Esra \u0130lik \u00fc\u00e7\u00fcnc\u00fc ise Ay\u015fe Elifnaz Erbilgin oldu.<\/p>\n<p>Babada\u011f Ultra Maratonu Genel Koordinat\u00f6r\u00fc Sad\u0131k \u00d6zdemir,  maratona sadece sportif bir kimlik kazand\u0131rmakla kalmad\u0131klar\u0131n\u0131, ayn\u0131 zamanda sosyal sorumluluk y\u00f6n\u00fcn\u00fc de g\u00fc\u00e7lendirdiklerini s\u00f6yledi. Organizasyon kapsam\u0131nda kad\u0131n giri\u015fimciler taraf\u0131ndan haz\u0131rlanan y\u00f6resel lezzetlerin kat\u0131l\u0131mc\u0131lara sunuldu\u011funu belirten \u00d6zdemir, bu sat\u0131\u015flardan elde edilen gelirin DMD kas hastas\u0131 Yusuf Eymen yarar\u0131na kurulan stantlar arac\u0131l\u0131\u011f\u0131yla ba\u011f\u0131\u015fa d\u00f6n\u00fc\u015ft\u00fcr\u00fcld\u00fc\u011f\u00fcn\u00fc aktard\u0131. \u00d6zdemir, bu y\u00f6n\u00fcyle etkinli\u011fin yaln\u0131zca bir spor organizasyonu de\u011fil, ayn\u0131 zamanda toplumsal dayan\u0131\u015fma ve fark\u0131ndal\u0131k olu\u015fturan \u00f6nemli bir platform haline geldi\u011fini vurgulad\u0131.<br \/>\n<br \/>\u00d6te yandan \u00d6zdemir, spor turizmi kapsamlar\u0131nda bu tarz organizasyonlar yapmaya devam edeceklerini dile getirdi.<br \/><\/p>\n","protected":false},"excerpt":{"rendered":"<p>Mu\u011fla\u2019n\u0131n Fethiye il\u00e7esinde \u00d6l\u00fcdeniz\u2019in e\u015fsiz do\u011fas\u0131nda ger\u00e7ekle\u015ftirilen Babada\u011f Ultra Maratonu tamamland\u0131. Yerli ve yabanc\u0131 sporcular\u0131n yo\u011fun kat\u0131l\u0131m\u0131yla ger\u00e7ekle\u015fen etkinlik, renkli g\u00f6r\u00fcnt\u00fclere sahne oldu. T\u00fcrkiye\u2019nin yan\u0131 s\u0131ra \u0130ngiltere, Rusya, Bel\u00e7ika, Ukrayna, Norve\u00e7, Polonya, \u0130spanya, Bermuda, Avusturya ve Finlandiya ba\u015fta olmak \u00fczere toplam 15 \u00fclkeden yakla\u015f\u0131k 100 yabanc\u0131 sporcunun yer ald\u0131\u011f\u0131 maraton, 2 g\u00fcn boyunca 1000\u2019den fazla&#8230;<\/p>\n","protected":false},"author":1,"featured_media":99246,"comment_status":"open","ping_status":"open","sticky":false,"template":"","format":"standard","meta":{"_crdt_document":"","footnotes":""},"categories":[4],"tags":[],"class_list":["post-99245","post","type-post","status-publish","format-standard","has-post-thumbnail","hentry","category-spor"],"_links":{"self":[{"href":"https:\/\/www.egemtv.com\/index.php?rest_route=\/wp\/v2\/posts\/99245","targetHints":{"allow":["GET"]}}],"collection":[{"href":"https:\/\/www.egemtv.com\/index.php?rest_route=\/wp\/v2\/posts"}],"about":[{"href":"https:\/\/www.egemtv.com\/index.php?rest_route=\/wp\/v2\/types\/post"}],"author":[{"embeddable":true,"href":"https:\/\/www.egemtv.com\/index.php?rest_route=\/wp\/v2\/users\/1"}],"replies":[{"embeddable":true,"href":"https:\/\/www.egemtv.com\/index.php?rest_route=%2Fwp%2Fv2%2Fcomments&post=99245"}],"version-history":[{"count":1,"href":"https:\/\/www.egemtv.com\/index.php?rest_route=\/wp\/v2\/posts\/99245\/revisions"}],"predecessor-version":[{"id":99247,"href":"https:\/\/www.egemtv.com\/index.php?rest_route=\/wp\/v2\/posts\/99245\/revisions\/99247"}],"wp:featuredmedia":[{"embeddable":true,"href":"https:\/\/www.egemtv.com\/index.php?rest_route=\/wp\/v2\/media\/99246"}],"wp:attachment":[{"href":"https:\/\/www.egemtv.com\/index.php?rest_route=%2Fwp%2Fv2%2Fmedia&parent=99245"}],"wp:term":[{"taxonomy":"category","embeddable":true,"href":"https:\/\/www.egemtv.com\/index.php?rest_route=%2Fwp%2Fv2%2Fcategories&post=99245"},{"taxonomy":"post_tag","embeddable":true,"href":"https:\/\/www.egemtv.com\/index.php?rest_route=%2Fwp%2Fv2%2Ftags&post=99245"}],"curies":[{"name":"wp","href":"https:\/\/api.w.org\/{rel}","templated":true}]}}