{"id":99242,"date":"2026-04-26T18:55:29","date_gmt":"2026-04-26T15:55:29","guid":{"rendered":"https:\/\/www.egemtv.com\/?p=99242"},"modified":"2026-04-26T18:55:30","modified_gmt":"2026-04-26T15:55:30","slug":"ses-yarismasinin-kazananlari-belli-oldu","status":"publish","type":"post","link":"https:\/\/www.egemtv.com\/?p=99242","title":{"rendered":"Ses yar\u0131\u015fmas\u0131n\u0131n kazananlar\u0131 belli oldu"},"content":{"rendered":"<p>Afyonkarahisar Gen\u00e7lik Merkezinde d\u00fczenlenen 11. Gen\u00e7ler Aras\u0131 K\u00fclt\u00fcr ve Sanat Yar\u0131\u015fmalar\u0131 \u00e7er\u00e7evesinde ger\u00e7ekle\u015ftirilen ses yar\u0131\u015fmas\u0131 il finalleri tamamland\u0131.<br \/>\n<br \/>Toplam 59 gencin kat\u0131ld\u0131\u011f\u0131 yar\u0131\u015fmada, yap\u0131lan \u00f6n elemenin ard\u0131ndan il finali ger\u00e7ekle\u015ftirildi. Finalde Solo Pop\u00fcler M\u00fczik kategorisinde Buse B\u00fclb\u00fcl birinci olurken, Solo T\u00fcrk M\u00fczi\u011fi kategorisinde ise Berfin Demir birincili\u011fi elde etti. Kategorilerinde birinci olan yar\u0131\u015fmac\u0131lar, 12 May\u0131s\u2019ta Mu\u011fla\u2019da d\u00fczenlenecek b\u00f6lge finallerinde Afyonkarahisar\u2019\u0131 temsil edecek.<br \/>\n<br \/>Program sonunda dereceye giren yar\u0131\u015fmac\u0131lara ba\u015far\u0131 belgeleri ve hediye \u00e7ekleri takdim edildi. Yar\u0131\u015fman\u0131n j\u00fcri \u00fcyelerine te\u015fekk\u00fcr belgeleri ve plaket verilirken, sahne alan saz ekibine de te\u015fekk\u00fcr belgeleri sunuldu.<br \/><\/p>\n","protected":false},"excerpt":{"rendered":"<p>Afyonkarahisar Gen\u00e7lik Merkezinde d\u00fczenlenen 11. Gen\u00e7ler Aras\u0131 K\u00fclt\u00fcr ve Sanat Yar\u0131\u015fmalar\u0131 \u00e7er\u00e7evesinde ger\u00e7ekle\u015ftirilen ses yar\u0131\u015fmas\u0131 il finalleri tamamland\u0131. Toplam 59 gencin kat\u0131ld\u0131\u011f\u0131 yar\u0131\u015fmada, yap\u0131lan \u00f6n elemenin ard\u0131ndan il finali ger\u00e7ekle\u015ftirildi. Finalde Solo Pop\u00fcler M\u00fczik kategorisinde Buse B\u00fclb\u00fcl birinci olurken, Solo T\u00fcrk M\u00fczi\u011fi kategorisinde ise Berfin Demir birincili\u011fi elde etti. Kategorilerinde birinci olan yar\u0131\u015fmac\u0131lar, 12 May\u0131s\u2019ta&#8230;<\/p>\n","protected":false},"author":1,"featured_media":99243,"comment_status":"open","ping_status":"open","sticky":false,"template":"","format":"standard","meta":{"_crdt_document":"","footnotes":""},"categories":[1],"tags":[],"class_list":["post-99242","post","type-post","status-publish","format-standard","has-post-thumbnail","hentry","category-guncel"],"_links":{"self":[{"href":"https:\/\/www.egemtv.com\/index.php?rest_route=\/wp\/v2\/posts\/99242","targetHints":{"allow":["GET"]}}],"collection":[{"href":"https:\/\/www.egemtv.com\/index.php?rest_route=\/wp\/v2\/posts"}],"about":[{"href":"https:\/\/www.egemtv.com\/index.php?rest_route=\/wp\/v2\/types\/post"}],"author":[{"embeddable":true,"href":"https:\/\/www.egemtv.com\/index.php?rest_route=\/wp\/v2\/users\/1"}],"replies":[{"embeddable":true,"href":"https:\/\/www.egemtv.com\/index.php?rest_route=%2Fwp%2Fv2%2Fcomments&post=99242"}],"version-history":[{"count":1,"href":"https:\/\/www.egemtv.com\/index.php?rest_route=\/wp\/v2\/posts\/99242\/revisions"}],"predecessor-version":[{"id":99244,"href":"https:\/\/www.egemtv.com\/index.php?rest_route=\/wp\/v2\/posts\/99242\/revisions\/99244"}],"wp:featuredmedia":[{"embeddable":true,"href":"https:\/\/www.egemtv.com\/index.php?rest_route=\/wp\/v2\/media\/99243"}],"wp:attachment":[{"href":"https:\/\/www.egemtv.com\/index.php?rest_route=%2Fwp%2Fv2%2Fmedia&parent=99242"}],"wp:term":[{"taxonomy":"category","embeddable":true,"href":"https:\/\/www.egemtv.com\/index.php?rest_route=%2Fwp%2Fv2%2Fcategories&post=99242"},{"taxonomy":"post_tag","embeddable":true,"href":"https:\/\/www.egemtv.com\/index.php?rest_route=%2Fwp%2Fv2%2Ftags&post=99242"}],"curies":[{"name":"wp","href":"https:\/\/api.w.org\/{rel}","templated":true}]}}