{"id":9924,"date":"2025-01-17T12:43:43","date_gmt":"2025-01-17T09:43:43","guid":{"rendered":"https:\/\/www.egemtv.com\/?p=9924"},"modified":"2025-01-17T12:43:45","modified_gmt":"2025-01-17T09:43:45","slug":"bir-hayalim-var-projesi-ile-minik-yurekler-genclik-merkezinde-bulustu","status":"publish","type":"post","link":"https:\/\/www.egemtv.com\/?p=9924","title":{"rendered":"Bir Hayalim Var projesi ile minik y\u00fcrekler Gen\u00e7lik Merkezi\u2019nde bulu\u015ftu"},"content":{"rendered":"<p>Afyonkarahisar Gen\u00e7lik ve Spor \u0130l M\u00fcd\u00fcrl\u00fc\u011f\u00fc\u2019n\u00fcn \u00f6nc\u00fcl\u00fc\u011f\u00fcnde ger\u00e7ekle\u015ftirilen \u201cBir Hayalim Var\u201d projesi \u00e7er\u00e7evesinde, \u0130hsaniye Ye\u015filyayla K\u00f6y\u00fc \u0130lkokulu\u2019nda e\u011fitim g\u00f6ren 6 \u00f6\u011frenci unutulmaz bir g\u00fcn ya\u015fad\u0131.<br \/>\n<br \/>\u00d6\u011frenciler, Afyonkarahisar Gen\u00e7lik Merkezi\u2019nde \u0130l M\u00fcd\u00fcr\u00fc \u0130smail Hakk\u0131 Kasapo\u011flu, Gen\u00e7lik Hizmetleri M\u00fcd\u00fcr\u00fc ve Gen\u00e7lik Liderleriyle bir araya gelerek hayallerini ger\u00e7ekle\u015ftirdi.<br \/>\n<br \/>Ye\u015filyayla K\u00f6y\u00fc \u0130lkokulu\u2019nda okuyan \u00f6\u011frenciler, Kasapo\u011flu\u2019na bir mesaj g\u00f6ndererek, Afyonkarahisar Gen\u00e7lik Merkezi\u2019ni ziyaret etmek ve sinemaya gitmek istediklerini dile getirdi. \u00c7ocuklar\u0131n bu samimi mesaj\u0131na kay\u0131ts\u0131z kalmayan Kasapo\u011flu, \u00f6\u011frencilerin hayallerini ger\u00e7ekle\u015ftirmek i\u00e7in hemen harekete ge\u00e7ti.<br \/>\n<br \/>Kasapo\u011flu\u2019nun talimat\u0131yla \u00f6\u011frencilerin Gen\u00e7lik Merkezi\u2019ne ula\u015f\u0131m\u0131 sa\u011flanarak \u00f6zel bir program haz\u0131rland\u0131. Program kapsam\u0131nda \u00f6\u011frenciler, Gen\u00e7lik Merkezi\u2019ni gezip sinema izlerken ayn\u0131 zamanda keyifli bir yemek e\u015fli\u011finde g\u00f6n\u00fcllerince vakit ge\u00e7irdi. Ayr\u0131ca minik \u00f6\u011frenciler m\u00fczik dinletisine kat\u0131ld\u0131 ve Kasapo\u011flu ile birlikte basketbol oynad\u0131.<br \/><\/p>\n","protected":false},"excerpt":{"rendered":"<p>Afyonkarahisar Gen\u00e7lik ve Spor \u0130l M\u00fcd\u00fcrl\u00fc\u011f\u00fc\u2019n\u00fcn \u00f6nc\u00fcl\u00fc\u011f\u00fcnde ger\u00e7ekle\u015ftirilen \u201cBir Hayalim Var\u201d projesi \u00e7er\u00e7evesinde, \u0130hsaniye Ye\u015filyayla K\u00f6y\u00fc \u0130lkokulu\u2019nda e\u011fitim g\u00f6ren 6 \u00f6\u011frenci unutulmaz bir g\u00fcn ya\u015fad\u0131. \u00d6\u011frenciler, Afyonkarahisar Gen\u00e7lik Merkezi\u2019nde \u0130l M\u00fcd\u00fcr\u00fc \u0130smail Hakk\u0131 Kasapo\u011flu, Gen\u00e7lik Hizmetleri M\u00fcd\u00fcr\u00fc ve Gen\u00e7lik Liderleriyle bir araya gelerek hayallerini ger\u00e7ekle\u015ftirdi. Ye\u015filyayla K\u00f6y\u00fc \u0130lkokulu\u2019nda okuyan \u00f6\u011frenciler, Kasapo\u011flu\u2019na bir mesaj g\u00f6ndererek, Afyonkarahisar&#8230;<\/p>\n","protected":false},"author":1,"featured_media":9925,"comment_status":"open","ping_status":"open","sticky":false,"template":"","format":"standard","meta":{"_crdt_document":"","footnotes":""},"categories":[4],"tags":[],"class_list":["post-9924","post","type-post","status-publish","format-standard","has-post-thumbnail","hentry","category-spor"],"_links":{"self":[{"href":"https:\/\/www.egemtv.com\/index.php?rest_route=\/wp\/v2\/posts\/9924","targetHints":{"allow":["GET"]}}],"collection":[{"href":"https:\/\/www.egemtv.com\/index.php?rest_route=\/wp\/v2\/posts"}],"about":[{"href":"https:\/\/www.egemtv.com\/index.php?rest_route=\/wp\/v2\/types\/post"}],"author":[{"embeddable":true,"href":"https:\/\/www.egemtv.com\/index.php?rest_route=\/wp\/v2\/users\/1"}],"replies":[{"embeddable":true,"href":"https:\/\/www.egemtv.com\/index.php?rest_route=%2Fwp%2Fv2%2Fcomments&post=9924"}],"version-history":[{"count":1,"href":"https:\/\/www.egemtv.com\/index.php?rest_route=\/wp\/v2\/posts\/9924\/revisions"}],"predecessor-version":[{"id":9926,"href":"https:\/\/www.egemtv.com\/index.php?rest_route=\/wp\/v2\/posts\/9924\/revisions\/9926"}],"wp:featuredmedia":[{"embeddable":true,"href":"https:\/\/www.egemtv.com\/index.php?rest_route=\/wp\/v2\/media\/9925"}],"wp:attachment":[{"href":"https:\/\/www.egemtv.com\/index.php?rest_route=%2Fwp%2Fv2%2Fmedia&parent=9924"}],"wp:term":[{"taxonomy":"category","embeddable":true,"href":"https:\/\/www.egemtv.com\/index.php?rest_route=%2Fwp%2Fv2%2Fcategories&post=9924"},{"taxonomy":"post_tag","embeddable":true,"href":"https:\/\/www.egemtv.com\/index.php?rest_route=%2Fwp%2Fv2%2Ftags&post=9924"}],"curies":[{"name":"wp","href":"https:\/\/api.w.org\/{rel}","templated":true}]}}