{"id":99239,"date":"2026-04-26T17:45:42","date_gmt":"2026-04-26T14:45:42","guid":{"rendered":"https:\/\/www.egemtv.com\/?p=99239"},"modified":"2026-04-26T17:45:43","modified_gmt":"2026-04-26T14:45:43","slug":"ucurtmalar-gokyuzunu-cocuklar-da-burunucunu-renklendirdi","status":"publish","type":"post","link":"https:\/\/www.egemtv.com\/?p=99239","title":{"rendered":"U\u00e7urtmalar g\u00f6ky\u00fcz\u00fcn\u00fc, \u00e7ocuklar da Burunucu\u2019nu renklendirdi"},"content":{"rendered":"<p>Marmaris Belediyesi\u2019nin 23 Nisan etkinlikleri kapsam\u0131nda Burunucu Macera Park\u0131\u2019nda d\u00fczenlenen U\u00e7urtman\u0131 Al Gel \u015eenli\u011fi\u2019nde \u00e7ocuklar u\u00e7urtmalar\u0131yla g\u00f6ky\u00fcz\u00fcn\u00fc renklendirdi.<\/p>\n<p>Marmaris Belediyesi taraf\u0131ndan 23 Nisan Ulusal Egemenlik ve \u00c7ocuk Bayram\u0131 kapsam\u0131nda d\u00fczenlenen Marmaris \u00c7ocuk Festivali, renkli etkinliklerle devam etti. Festival kapsam\u0131nda Burunucu Macera Park\u0131\u2019nda ger\u00e7ekle\u015ftirilen \u2019U\u00e7urtman\u0131 Al Gel \u015eenli\u011fi\u2019 \u00e7ocuklara unutulmaz anlar ya\u015fatt\u0131. Denizin mavisi ile orman\u0131n ye\u015fili aras\u0131nda d\u00fczenlenen etkinlikte \u00e7ocuklar, u\u00e7urtmalar\u0131yla g\u00f6ky\u00fcz\u00fcn\u00fc renklendirirken g\u00fcn boyunca doyas\u0131ya e\u011flendi. Macera parkurunda enerjilerini atan \u00e7ocuklar, sanat ve bilim at\u00f6lyelerinde de keyifli vakit ge\u00e7irdi. Kahkahalar\u0131n eksik olmad\u0131\u011f\u0131 etkinlikte \u00e7ocuklar hem \u00f6\u011frendi hem e\u011flendi.<\/p>\n<p>Polonya, Ukrayna, Tataristan, Arnavutluk ve Kosova\u2019dan gelen \u00e7ocuklar da Marmarisli ya\u015f\u0131tlar\u0131yla bir araya gelerek renkli g\u00f6r\u00fcnt\u00fcler olu\u015fturdu. Farkl\u0131 k\u00fclt\u00fcrlerden \u00e7ocuklar oyunlarda, etkinliklerde ve kahkahalarda bulu\u015farak festivalin en g\u00fczel anlar\u0131n\u0131 payla\u015ft\u0131.<\/p>\n<p>Marmaris Belediye Ba\u015fkanvekili Erdem Karaosmano\u011flu da etkinli\u011fe kat\u0131larak \u00e7ocuklar\u0131n mutlulu\u011funa ortak oldu. Ailelerin de yo\u011fun ilgi g\u00f6sterdi\u011fi \u015fenlikte, 23 Nisan co\u015fkusu g\u00fcn boyu s\u00fcrd\u00fc. \u015eenlik 26 Nisan Pazar g\u00fcn\u00fc 19 May\u0131s Gen\u00e7lik Meydan\u0131\u2019ndaki etkinliklerle sona erecek.<br \/><\/p>\n","protected":false},"excerpt":{"rendered":"<p>Marmaris Belediyesi\u2019nin 23 Nisan etkinlikleri kapsam\u0131nda Burunucu Macera Park\u0131\u2019nda d\u00fczenlenen U\u00e7urtman\u0131 Al Gel \u015eenli\u011fi\u2019nde \u00e7ocuklar u\u00e7urtmalar\u0131yla g\u00f6ky\u00fcz\u00fcn\u00fc renklendirdi. Marmaris Belediyesi taraf\u0131ndan 23 Nisan Ulusal Egemenlik ve \u00c7ocuk Bayram\u0131 kapsam\u0131nda d\u00fczenlenen Marmaris \u00c7ocuk Festivali, renkli etkinliklerle devam etti. Festival kapsam\u0131nda Burunucu Macera Park\u0131\u2019nda ger\u00e7ekle\u015ftirilen \u2019U\u00e7urtman\u0131 Al Gel \u015eenli\u011fi\u2019 \u00e7ocuklara unutulmaz anlar ya\u015fatt\u0131. Denizin mavisi ile orman\u0131n&#8230;<\/p>\n","protected":false},"author":1,"featured_media":99240,"comment_status":"open","ping_status":"open","sticky":false,"template":"","format":"standard","meta":{"_crdt_document":"","footnotes":""},"categories":[1],"tags":[],"class_list":["post-99239","post","type-post","status-publish","format-standard","has-post-thumbnail","hentry","category-guncel"],"_links":{"self":[{"href":"https:\/\/www.egemtv.com\/index.php?rest_route=\/wp\/v2\/posts\/99239","targetHints":{"allow":["GET"]}}],"collection":[{"href":"https:\/\/www.egemtv.com\/index.php?rest_route=\/wp\/v2\/posts"}],"about":[{"href":"https:\/\/www.egemtv.com\/index.php?rest_route=\/wp\/v2\/types\/post"}],"author":[{"embeddable":true,"href":"https:\/\/www.egemtv.com\/index.php?rest_route=\/wp\/v2\/users\/1"}],"replies":[{"embeddable":true,"href":"https:\/\/www.egemtv.com\/index.php?rest_route=%2Fwp%2Fv2%2Fcomments&post=99239"}],"version-history":[{"count":1,"href":"https:\/\/www.egemtv.com\/index.php?rest_route=\/wp\/v2\/posts\/99239\/revisions"}],"predecessor-version":[{"id":99241,"href":"https:\/\/www.egemtv.com\/index.php?rest_route=\/wp\/v2\/posts\/99239\/revisions\/99241"}],"wp:featuredmedia":[{"embeddable":true,"href":"https:\/\/www.egemtv.com\/index.php?rest_route=\/wp\/v2\/media\/99240"}],"wp:attachment":[{"href":"https:\/\/www.egemtv.com\/index.php?rest_route=%2Fwp%2Fv2%2Fmedia&parent=99239"}],"wp:term":[{"taxonomy":"category","embeddable":true,"href":"https:\/\/www.egemtv.com\/index.php?rest_route=%2Fwp%2Fv2%2Fcategories&post=99239"},{"taxonomy":"post_tag","embeddable":true,"href":"https:\/\/www.egemtv.com\/index.php?rest_route=%2Fwp%2Fv2%2Ftags&post=99239"}],"curies":[{"name":"wp","href":"https:\/\/api.w.org\/{rel}","templated":true}]}}