{"id":99236,"date":"2026-04-26T17:45:41","date_gmt":"2026-04-26T14:45:41","guid":{"rendered":"https:\/\/www.egemtv.com\/?p=99236"},"modified":"2026-04-26T17:45:42","modified_gmt":"2026-04-26T14:45:42","slug":"kosklu-ogrenciler-uluslararasi-alacati-ot-festivalinde-buyuk-bir-basariya-imza-attilar","status":"publish","type":"post","link":"https:\/\/www.egemtv.com\/?p=99236","title":{"rendered":"K\u00f6\u015fkl\u00fc \u00f6\u011frenciler Uluslararas\u0131 Ala\u00e7at\u0131 Ot Festivali\u2019nde b\u00fcy\u00fck bir ba\u015far\u0131ya imza att\u0131lar"},"content":{"rendered":"<p>\u0130zmir\u2019in \u00c7e\u015fme il\u00e7esinde \u00c7e\u015fme Belediyesi ev sahipli\u011finde  d\u00fczenlenen 15. Uluslararas\u0131 Ala\u00e7at\u0131 Ot Festivali\u2019nde K\u00f6\u015fk Mesleki ve Teknik Anadolu Lisesi (MTAL) Yiyecek \u0130\u00e7ecek Hizmetleri Alan\u0131 \u00f6\u011frencileri b\u00fcy\u00fck bir ba\u015far\u0131ya imza att\u0131.<\/p>\n<p>Worldchefs (D\u00fcnya \u015eefler Birli\u011fi) akreditasyonunda ger\u00e7ekle\u015ftirilecek festival, Ala\u00e7at\u0131\u2019da gastronomi d\u00fcnyas\u0131n\u0131 bulu\u015fturdu. Gastronomi oda\u011f\u0131n\u0131 g\u00fc\u00e7lendiren yar\u0131\u015fma ve etkinlik programlar\u0131yla g\u00f6z doldurdu. K\u00f6\u015fk MTAL Yiyecek \u0130\u00e7ecek Hizmetleri Alan\u0131 \u00f6\u011frencileri; En \u0130yi Lise Ekip kategorisinde 2.\u2019lik, Restoran Et Taba\u011f\u0131 kategorisinde Nur\u015fiyan Sepet ile 2.\u2019lik ve Restoran Ba\u015flang\u0131\u00e7 Taba\u011f\u0131 (K\u00fcmes Hayvanlar\u0131) kategorisinde Fatma Kirtepe ile 3.\u2019l\u00fck elde etti.<\/p>\n<p>K\u00f6\u015fk Mesleki ve Teknik Anadolu Lisesi okul y\u00f6netimi \u00f6\u011frencilerinin elde ettikleri bu ba\u015far\u0131 sonras\u0131, &#8220;Ba\u015far\u0131lar\u0131yla bizleri gururland\u0131ran t\u00fcm \u00f6\u011frencilerimizi ve eme\u011fi ge\u00e7en de\u011ferli \u00f6\u011fretmenlerimizi y\u00fcrekten tebrik ediyoruz. Gelece\u011fin \u015fefleri ile gurur duyuyoruz&#8221; a\u00e7\u0131klamas\u0131nda bulundu.<br \/><\/p>\n","protected":false},"excerpt":{"rendered":"<p>\u0130zmir\u2019in \u00c7e\u015fme il\u00e7esinde \u00c7e\u015fme Belediyesi ev sahipli\u011finde d\u00fczenlenen 15. Uluslararas\u0131 Ala\u00e7at\u0131 Ot Festivali\u2019nde K\u00f6\u015fk Mesleki ve Teknik Anadolu Lisesi (MTAL) Yiyecek \u0130\u00e7ecek Hizmetleri Alan\u0131 \u00f6\u011frencileri b\u00fcy\u00fck bir ba\u015far\u0131ya imza att\u0131. Worldchefs (D\u00fcnya \u015eefler Birli\u011fi) akreditasyonunda ger\u00e7ekle\u015ftirilecek festival, Ala\u00e7at\u0131\u2019da gastronomi d\u00fcnyas\u0131n\u0131 bulu\u015fturdu. Gastronomi oda\u011f\u0131n\u0131 g\u00fc\u00e7lendiren yar\u0131\u015fma ve etkinlik programlar\u0131yla g\u00f6z doldurdu. K\u00f6\u015fk MTAL Yiyecek \u0130\u00e7ecek Hizmetleri&#8230;<\/p>\n","protected":false},"author":1,"featured_media":99237,"comment_status":"open","ping_status":"open","sticky":false,"template":"","format":"standard","meta":{"_crdt_document":"","footnotes":""},"categories":[1],"tags":[],"class_list":["post-99236","post","type-post","status-publish","format-standard","has-post-thumbnail","hentry","category-guncel"],"_links":{"self":[{"href":"https:\/\/www.egemtv.com\/index.php?rest_route=\/wp\/v2\/posts\/99236","targetHints":{"allow":["GET"]}}],"collection":[{"href":"https:\/\/www.egemtv.com\/index.php?rest_route=\/wp\/v2\/posts"}],"about":[{"href":"https:\/\/www.egemtv.com\/index.php?rest_route=\/wp\/v2\/types\/post"}],"author":[{"embeddable":true,"href":"https:\/\/www.egemtv.com\/index.php?rest_route=\/wp\/v2\/users\/1"}],"replies":[{"embeddable":true,"href":"https:\/\/www.egemtv.com\/index.php?rest_route=%2Fwp%2Fv2%2Fcomments&post=99236"}],"version-history":[{"count":1,"href":"https:\/\/www.egemtv.com\/index.php?rest_route=\/wp\/v2\/posts\/99236\/revisions"}],"predecessor-version":[{"id":99238,"href":"https:\/\/www.egemtv.com\/index.php?rest_route=\/wp\/v2\/posts\/99236\/revisions\/99238"}],"wp:featuredmedia":[{"embeddable":true,"href":"https:\/\/www.egemtv.com\/index.php?rest_route=\/wp\/v2\/media\/99237"}],"wp:attachment":[{"href":"https:\/\/www.egemtv.com\/index.php?rest_route=%2Fwp%2Fv2%2Fmedia&parent=99236"}],"wp:term":[{"taxonomy":"category","embeddable":true,"href":"https:\/\/www.egemtv.com\/index.php?rest_route=%2Fwp%2Fv2%2Fcategories&post=99236"},{"taxonomy":"post_tag","embeddable":true,"href":"https:\/\/www.egemtv.com\/index.php?rest_route=%2Fwp%2Fv2%2Ftags&post=99236"}],"curies":[{"name":"wp","href":"https:\/\/api.w.org\/{rel}","templated":true}]}}