{"id":99233,"date":"2026-04-26T17:45:40","date_gmt":"2026-04-26T14:45:40","guid":{"rendered":"https:\/\/www.egemtv.com\/?p=99233"},"modified":"2026-04-26T17:45:41","modified_gmt":"2026-04-26T14:45:41","slug":"kosk-beykoy-poliis-abla-ortaokulunu-gururlandiran-mektup","status":"publish","type":"post","link":"https:\/\/www.egemtv.com\/?p=99233","title":{"rendered":"K\u00f6\u015fk Beyk\u00f6y Poliis Abla Ortaokulu\u2019nu gururland\u0131ran mektup"},"content":{"rendered":"<p>Ayd\u0131n\u2019\u0131n K\u00f6\u015fk il\u00e7esindeki Beyk\u00f6y Polis Abla Ortaokulu y\u00f6neticilerine ve \u00f6\u011fretmenlerine y\u00f6nelik \u00f6\u011frenci velisi duyguland\u0131ran ve gururland\u0131ran mektup yazd\u0131.<\/p>\n<p>\u00d6\u011frenci velisi Emir Ay\u015fe \u00dcnsal\u2019\u0131n kaleme alarak okul y\u00f6netimine g\u00f6nderdi\u011fi mektup okul y\u00f6neticilerini ve \u00f6\u011fretmenlerini hem duyguland\u0131rd\u0131 hem de gururland\u0131rd\u0131. K\u00f6\u015fk Beyk\u00f6y Polis Abla Ortaokulu y\u00f6netimi ald\u0131klar\u0131 bu gurur verici veli mektubu sonras\u0131; &#8220;22 Nisan ak\u015fam\u0131 bizi olduk\u00e7a duyguland\u0131ran ve ziyadesiyle gururland\u0131ran bir mektup ald\u0131k. De\u011ferli velimiz Emir Ay\u015fe \u00dcnsal Han\u0131mefendinin kaleminden d\u00f6k\u00fclen sat\u0131rlar bizlerin bu mesle\u011fi neden a\u015fkla yapmam\u0131z gerekti\u011fini bir kez daha hat\u0131rlatt\u0131. G\u00fczel duygu ve d\u00fc\u015f\u00fcnceleri i\u00e7in kendisine \u00e7ok te\u015fekk\u00fcr ediyoruz. \u0130yiki vars\u0131n\u0131z.&#8221; yaz\u0131l\u0131 payla\u015f\u0131m\u0131nda bulundular.<\/p>\n<p>K\u00f6\u015fk Beyk\u00f6y Polis Abla Ortaokulu y\u00f6neticilerini ve \u00f6\u011fretmenlerini gururland\u0131ran mektupta \u015fu ifadelere yer verdildi;<br \/>\n<br \/>&#8220;De\u011ferli okul m\u00fcd\u00fcr\u00fcm, m\u00fcd\u00fcr yard\u0131mc\u0131m ve sevgili \u00f6\u011fretmenlerim. Son g\u00fcnlerde ya\u015fananlar hepimizin y\u00fcre\u011fini par\u00e7alad\u0131. Ama b\u00f6yle zamanlarda sizin gibi \u00f6\u011fretmenlerin varl\u0131\u011f\u0131 bize yeniden umut olmay\u0131 hat\u0131rlat\u0131yor. Siz sadece ders anlatan birisi de\u011filsiniz. \u00c7ocuklar\u0131m\u0131z\u0131n yolunu ayd\u0131nlatan, onlar\u0131n kalbine dokunan, evde k\u00fc\u00e7\u00fck \u015feyleri bile \u00f6\u011fretmenime verebilir miyim dedi\u011fi ailemizin bir \u00fcyesisiniz. Bizler \u00e7ocuklar\u0131m\u0131z\u0131 sizlere emanet ediyoruz ve biliyoruz ki o emanet, sizin gibi vicdanl\u0131 ve g\u00fc\u00e7l\u00fc insanlar\u0131n elinde b\u00fcy\u00fcyor. Evet, \u00e7ok zor bir zamandan ge\u00e7iyoruz, tam da bu y\u00fczden, umudu diri tutan, iyili\u011fi \u00f6\u011freten, sevgiyi b\u00fcy\u00fcten sizlere her zamankinden fazla ihtiyac\u0131m\u0131z var. L\u00fctfen moralinizi y\u00fcksek tutmaya \u00e7al\u0131\u015f\u0131n. \u00c7\u00fcnk\u00fc sizin g\u00fc\u00e7l\u00fc duru\u015funuz sadece \u00f6\u011frencilerine de\u011fil, biz velilere de g\u00fc\u00e7 veriyor. Siz ayakta kalabildik\u00e7e bizde ayakta kalabiliyoruz. Hepiniz iyi ki vars\u0131n\u0131z. Hepimiz bir aileyiz. Sizleri \u00f6nce Allah\u2019a sonra birbirinize emanet ediyorum. Her zaman yan\u0131n\u0131zday\u0131m. Sizleri \u00e7ok seven veliniz Emir Ay\u015fe \u00dcnsal.&#8221;<br \/><\/p>\n","protected":false},"excerpt":{"rendered":"<p>Ayd\u0131n\u2019\u0131n K\u00f6\u015fk il\u00e7esindeki Beyk\u00f6y Polis Abla Ortaokulu y\u00f6neticilerine ve \u00f6\u011fretmenlerine y\u00f6nelik \u00f6\u011frenci velisi duyguland\u0131ran ve gururland\u0131ran mektup yazd\u0131. \u00d6\u011frenci velisi Emir Ay\u015fe \u00dcnsal\u2019\u0131n kaleme alarak okul y\u00f6netimine g\u00f6nderdi\u011fi mektup okul y\u00f6neticilerini ve \u00f6\u011fretmenlerini hem duyguland\u0131rd\u0131 hem de gururland\u0131rd\u0131. K\u00f6\u015fk Beyk\u00f6y Polis Abla Ortaokulu y\u00f6netimi ald\u0131klar\u0131 bu gurur verici veli mektubu sonras\u0131; &#8220;22 Nisan ak\u015fam\u0131 bizi&#8230;<\/p>\n","protected":false},"author":1,"featured_media":99234,"comment_status":"open","ping_status":"open","sticky":false,"template":"","format":"standard","meta":{"_crdt_document":"","footnotes":""},"categories":[1],"tags":[],"class_list":["post-99233","post","type-post","status-publish","format-standard","has-post-thumbnail","hentry","category-guncel"],"_links":{"self":[{"href":"https:\/\/www.egemtv.com\/index.php?rest_route=\/wp\/v2\/posts\/99233","targetHints":{"allow":["GET"]}}],"collection":[{"href":"https:\/\/www.egemtv.com\/index.php?rest_route=\/wp\/v2\/posts"}],"about":[{"href":"https:\/\/www.egemtv.com\/index.php?rest_route=\/wp\/v2\/types\/post"}],"author":[{"embeddable":true,"href":"https:\/\/www.egemtv.com\/index.php?rest_route=\/wp\/v2\/users\/1"}],"replies":[{"embeddable":true,"href":"https:\/\/www.egemtv.com\/index.php?rest_route=%2Fwp%2Fv2%2Fcomments&post=99233"}],"version-history":[{"count":1,"href":"https:\/\/www.egemtv.com\/index.php?rest_route=\/wp\/v2\/posts\/99233\/revisions"}],"predecessor-version":[{"id":99235,"href":"https:\/\/www.egemtv.com\/index.php?rest_route=\/wp\/v2\/posts\/99233\/revisions\/99235"}],"wp:featuredmedia":[{"embeddable":true,"href":"https:\/\/www.egemtv.com\/index.php?rest_route=\/wp\/v2\/media\/99234"}],"wp:attachment":[{"href":"https:\/\/www.egemtv.com\/index.php?rest_route=%2Fwp%2Fv2%2Fmedia&parent=99233"}],"wp:term":[{"taxonomy":"category","embeddable":true,"href":"https:\/\/www.egemtv.com\/index.php?rest_route=%2Fwp%2Fv2%2Fcategories&post=99233"},{"taxonomy":"post_tag","embeddable":true,"href":"https:\/\/www.egemtv.com\/index.php?rest_route=%2Fwp%2Fv2%2Ftags&post=99233"}],"curies":[{"name":"wp","href":"https:\/\/api.w.org\/{rel}","templated":true}]}}