{"id":99230,"date":"2026-04-26T17:10:56","date_gmt":"2026-04-26T14:10:56","guid":{"rendered":"https:\/\/www.egemtv.com\/?p=99230"},"modified":"2026-04-26T17:10:57","modified_gmt":"2026-04-26T14:10:57","slug":"izmirde-7-gundur-aranan-kiz-cocugu-bulundu","status":"publish","type":"post","link":"https:\/\/www.egemtv.com\/?p=99230","title":{"rendered":"\u0130zmir\u2019de 7 g\u00fcnd\u00fcr aranan k\u0131z \u00e7ocu\u011fu bulundu"},"content":{"rendered":"<p>\u0130zmir\u2019in Buca il\u00e7esinde g\u00fcnlerdir haber al\u0131namayan ve ailesi taraf\u0131ndan al\u0131konuldu\u011fu iddia edilen 15 ya\u015f\u0131ndaki k\u0131z \u00e7ocu\u011fu sa\u011f salim bulundu. Gen\u00e7 k\u0131z\u0131n psikolojik bunal\u0131m ya\u015fad\u0131\u011f\u0131 i\u00e7in evi kendi iste\u011fiyle terk etti\u011fi \u00f6\u011frenildi.<br \/>\n<br \/>F\u0131rat Mahallesi\u2019nde ya\u015fayan y\u00fczde 25 zihinsel engelli Asya Karaku\u015f (15), 20 Nisan tarihinde i\u015f yerinden ayr\u0131ld\u0131ktan sonra kay\u0131plara kar\u0131\u015ft\u0131. Durumu \u00f6\u011frenen anne Nesrin Do\u011fan, emniyet g\u00fc\u00e7lerine kay\u0131p ba\u015fvurusunda bulundu. Bu s\u00fcre\u00e7te Asya ad\u0131na a\u00e7\u0131lan sahte sosyal medya hesaplar\u0131ndan aileye mesajlar g\u00f6nderildi. Anne Do\u011fan, k\u0131z\u0131n\u0131n kendi iradesiyle gitmedi\u011fini ve bir \u015f\u00fcpheli taraf\u0131ndan al\u0131konuldu\u011funu ileri s\u00fcrerek yetkililerden yard\u0131m istedi.<\/p>\n<p>Ba\u015fka bir evde kalm\u0131\u015f<br \/>\n<br \/>Kay\u0131p k\u0131z\u0131 arama \u00e7al\u0131\u015fmalar\u0131 s\u00fcrerken, Karaku\u015f kendi iste\u011fiyle ailesine geri d\u00f6nd\u00fc. Psikolojik bunal\u0131m ya\u015fad\u0131\u011f\u0131 gerek\u00e7esiyle evi terk etti\u011fi belirtilen Asya Karaku\u015f\u2019un, kay\u0131p oldu\u011fu s\u00fcre boyunca annesiyle beraber ya\u015fayan 20 ya\u015f\u0131ndaki bir k\u0131z\u0131n evinde kald\u0131\u011f\u0131 tespit edildi. Gen\u00e7 k\u0131z\u0131n ailesine sa\u011f salim kavu\u015fmas\u0131yla birlikte olayla ilgili ba\u015flat\u0131lan arama \u00e7al\u0131\u015fmalar\u0131 sonland\u0131r\u0131ld\u0131.<br \/><\/p>\n","protected":false},"excerpt":{"rendered":"<p>\u0130zmir\u2019in Buca il\u00e7esinde g\u00fcnlerdir haber al\u0131namayan ve ailesi taraf\u0131ndan al\u0131konuldu\u011fu iddia edilen 15 ya\u015f\u0131ndaki k\u0131z \u00e7ocu\u011fu sa\u011f salim bulundu. Gen\u00e7 k\u0131z\u0131n psikolojik bunal\u0131m ya\u015fad\u0131\u011f\u0131 i\u00e7in evi kendi iste\u011fiyle terk etti\u011fi \u00f6\u011frenildi. F\u0131rat Mahallesi\u2019nde ya\u015fayan y\u00fczde 25 zihinsel engelli Asya Karaku\u015f (15), 20 Nisan tarihinde i\u015f yerinden ayr\u0131ld\u0131ktan sonra kay\u0131plara kar\u0131\u015ft\u0131. Durumu \u00f6\u011frenen anne Nesrin Do\u011fan,&#8230;<\/p>\n","protected":false},"author":1,"featured_media":99231,"comment_status":"open","ping_status":"open","sticky":false,"template":"","format":"standard","meta":{"_crdt_document":"","footnotes":""},"categories":[5],"tags":[],"class_list":["post-99230","post","type-post","status-publish","format-standard","has-post-thumbnail","hentry","category-asayis"],"_links":{"self":[{"href":"https:\/\/www.egemtv.com\/index.php?rest_route=\/wp\/v2\/posts\/99230","targetHints":{"allow":["GET"]}}],"collection":[{"href":"https:\/\/www.egemtv.com\/index.php?rest_route=\/wp\/v2\/posts"}],"about":[{"href":"https:\/\/www.egemtv.com\/index.php?rest_route=\/wp\/v2\/types\/post"}],"author":[{"embeddable":true,"href":"https:\/\/www.egemtv.com\/index.php?rest_route=\/wp\/v2\/users\/1"}],"replies":[{"embeddable":true,"href":"https:\/\/www.egemtv.com\/index.php?rest_route=%2Fwp%2Fv2%2Fcomments&post=99230"}],"version-history":[{"count":1,"href":"https:\/\/www.egemtv.com\/index.php?rest_route=\/wp\/v2\/posts\/99230\/revisions"}],"predecessor-version":[{"id":99232,"href":"https:\/\/www.egemtv.com\/index.php?rest_route=\/wp\/v2\/posts\/99230\/revisions\/99232"}],"wp:featuredmedia":[{"embeddable":true,"href":"https:\/\/www.egemtv.com\/index.php?rest_route=\/wp\/v2\/media\/99231"}],"wp:attachment":[{"href":"https:\/\/www.egemtv.com\/index.php?rest_route=%2Fwp%2Fv2%2Fmedia&parent=99230"}],"wp:term":[{"taxonomy":"category","embeddable":true,"href":"https:\/\/www.egemtv.com\/index.php?rest_route=%2Fwp%2Fv2%2Fcategories&post=99230"},{"taxonomy":"post_tag","embeddable":true,"href":"https:\/\/www.egemtv.com\/index.php?rest_route=%2Fwp%2Fv2%2Ftags&post=99230"}],"curies":[{"name":"wp","href":"https:\/\/api.w.org\/{rel}","templated":true}]}}