{"id":99227,"date":"2026-04-26T16:35:49","date_gmt":"2026-04-26T13:35:49","guid":{"rendered":"https:\/\/www.egemtv.com\/?p=99227"},"modified":"2026-04-26T16:35:51","modified_gmt":"2026-04-26T13:35:51","slug":"izmirde-gencleri-bagimliliga-karsi-koruyacak-saglikli-yasam-ligi-basliyor","status":"publish","type":"post","link":"https:\/\/www.egemtv.com\/?p=99227","title":{"rendered":"\u0130zmir\u2019de gen\u00e7leri ba\u011f\u0131ml\u0131l\u0131\u011fa kar\u015f\u0131 koruyacak \u2019Sa\u011fl\u0131kl\u0131 Ya\u015fam Ligi\u2019 ba\u015fl\u0131yor"},"content":{"rendered":"<p>T\u00fcrkiye Ye\u015filay Cemiyeti ve \u0130zmir \u0130l Milli E\u011fitim M\u00fcd\u00fcrl\u00fc\u011f\u00fc i\u015f birli\u011fiyle gen\u00e7leri ba\u011f\u0131ml\u0131l\u0131k risklerinden korumay\u0131 hedefleyen \u2019Ye\u015filay Sa\u011fl\u0131kl\u0131 Ya\u015fam Ligi\u2019 projesinin pilot uygulamalar\u0131 ba\u015fl\u0131yor. \u0130ki kurumun hayata ge\u00e7irdi\u011fi bu projeyle gen\u00e7lere teorik bilginin \u00f6tesinde kal\u0131c\u0131 ya\u015fam al\u0131\u015fkanl\u0131klar\u0131 kazand\u0131r\u0131lmas\u0131 hedefleniyor.<br \/>\n<br \/>Geleneksel ba\u011f\u0131ml\u0131l\u0131k \u00f6nleme \u00e7al\u0131\u015fmalar\u0131n\u0131n aksine gen\u00e7lerin g\u00fcnl\u00fck ya\u015fam\u0131na do\u011frudan dokunan proje; sorumluluk, hareket ve dijital denge temalar\u0131 \u00fczerine kuruluyor. 2026 y\u0131l\u0131 Nisan ay\u0131nda ba\u015flayacak olan s\u00fcre\u00e7te, her s\u0131n\u0131f bir tak\u0131m, her \u00f6\u011fretmen ise bir tak\u0131m ko\u00e7u olarak konumland\u0131r\u0131lacak. Bu sayede okul ikliminde koruyucu bir ekosistem olu\u015fturulmas\u0131 ve \u00f6\u011frencilerin \u2019Sa\u011fl\u0131kl\u0131 Ya\u015fam El\u00e7isi\u2019 rol\u00fc \u00fcstlenmesi ama\u00e7lan\u0131yor.<\/p>\n<p>\u00d6\u011frenciler farkl\u0131 seviyelerde g\u00f6revler yapacak<br \/>\n<br \/>Sorumluluk ve \u0130yilik Hali, Sa\u011fl\u0131kl\u0131 Ya\u015famda Hareket, Ye\u015filFest ve Gelece\u011fe \u0130z B\u0131rak temalar\u0131 alt\u0131nda y\u00fcr\u00fct\u00fclecek olan s\u00fcre\u00e7te s\u0131n\u0131flar kolay, orta ve zor seviyelerde g\u00f6revler ger\u00e7ekle\u015ftirecek. Yap\u0131lan \u00e7al\u0131\u015fmalar foto\u011fraf, video ve veli onay formlar\u0131yla kay\u0131t alt\u0131na al\u0131nacak. De\u011ferlendirme s\u00fcrecinde yaln\u0131zca ba\u015far\u0131 de\u011fil, \u00f6\u011frencilerin g\u00f6sterdi\u011fi \u00e7aba, devaml\u0131l\u0131k ve sorumluluk d\u00fczeyi de g\u00f6z \u00f6n\u00fcnde bulundurulacak. Yetkililer, projenin d\u00fczenli hareket, sa\u011fl\u0131kl\u0131 uyku, dengeli beslenme, dijital denge ve aidiyet duygusu gibi temel ya\u015fam becerilerini g\u00fc\u00e7lendirmeyi hedefledi\u011fini ifade etti.<\/p>\n<p>S\u00fcre\u00e7 3 a\u015famada tamamlanacak<br \/>\n<br \/>Projenin sahadaki etkisinin 3 a\u015famada ortaya \u00e7\u0131kmas\u0131 bekleniyor. Nisan ve may\u0131s aylar\u0131ndaki ilk a\u015famada pilot okullardaki tak\u0131mlar s\u00fcrece kat\u0131lacak. \u00d6\u011frencilerin kazand\u0131\u011f\u0131 al\u0131\u015fkanl\u0131klar\u0131n, aile kat\u0131l\u0131m\u0131 ve ev etkinlikleriyle mahallelere kadar uzanmas\u0131 hedefleniyor. \u0130kinci a\u015fama olan may\u0131s ve haziran d\u00f6neminde ise okul birincileri il d\u00fczeyinde yar\u0131\u015facak. Tak\u0131mlar bu s\u00fcre\u00e7te \u00f6zg\u00fcn projeler geli\u015ftirerek toplumsal fark\u0131ndal\u0131k \u00e7al\u0131\u015fmalar\u0131na imza atacak. Haziran ay\u0131ndaki kapan\u0131\u015f program\u0131nda il birincisi a\u00e7\u0131klanarak proje \u00e7\u0131kt\u0131lar\u0131 kamuoyuyla payla\u015f\u0131lacak.<\/p>\n<p>Veliler s\u00fcrecin aktif bir par\u00e7as\u0131 olacak<br \/>\n<br \/>\u00dc\u00e7\u00fcnc\u00fc a\u015famada uzun vadeli hedeflere odaklan\u0131larak, elde edilen veriler do\u011frultusunda modelin yeni e\u011fitim \u00f6\u011fretim y\u0131l\u0131ndan itibaren t\u00fcm okullara yayg\u0131nla\u015ft\u0131r\u0131lmas\u0131 ama\u00e7lan\u0131yor. Proje sadece \u00f6\u011frenci ve \u00f6\u011fretmenlerle s\u0131n\u0131rl\u0131 kalmay\u0131p velileri de s\u00fcrecin aktif bir par\u00e7as\u0131 haline getiriyor. Haftal\u0131k aile kat\u0131l\u0131m formlar\u0131, evde uygulanabilecek g\u00f6revler ve dijital detoks saatleriyle okulda kazan\u0131lan al\u0131\u015fkanl\u0131klar\u0131n aile ortam\u0131nda da s\u00fcrd\u00fcr\u00fclmesi sa\u011flanacak. Uzmanlar, kal\u0131c\u0131 davran\u0131\u015f de\u011fi\u015fikli\u011finin ancak g\u00fcnl\u00fck ya\u015fam\u0131n i\u00e7inde deneyimlenerek sa\u011flanabilece\u011fine dikkat \u00e7ekti.<\/p>\n<p>&#8220;E\u011fitim camias\u0131 bu \u00e7al\u0131\u015fman\u0131n en b\u00fcy\u00fck g\u00fcc\u00fcd\u00fcr&#8221;<br \/>\n<br \/>\u0130zmir \u0130l Milli E\u011fitim M\u00fcd\u00fcr\u00fc \u00d6mer Yah\u015fi, ba\u011f\u0131ml\u0131l\u0131kla m\u00fccadelenin g\u00fcn\u00fcm\u00fczde giderek daha kritik bir \u00f6nem ta\u015f\u0131d\u0131\u011f\u0131n\u0131 ve bu alanda y\u00fcr\u00fct\u00fclen e\u011fitim temelli \u00e7al\u0131\u015fmalar\u0131n belirleyici bir rol \u00fcstlendi\u011fini vurgulad\u0131. Pilot okullar\u0131n titizlikle se\u00e7ildi\u011fini kaydeden Yah\u015fi, &#8220;S\u00fcre\u00e7 g\u00fc\u00e7l\u00fc bir ekip yap\u0131s\u0131yla ba\u015flat\u0131ld\u0131. Proje yaln\u0131zca \u0130zmir \u00f6l\u00e7e\u011finde kalmayacak, ilerleyen s\u00fcre\u00e7te T\u00fcrkiye genelinde yayg\u0131nla\u015ft\u0131r\u0131labilecek \u00f6rnek bir uygulama olma potansiyeli ta\u015f\u0131yor. T\u00fcm payda\u015flar\u0131n s\u00fcrece aktif katk\u0131 sunmas\u0131 \u00e7ok \u00f6nemli. E\u011fitim camias\u0131 bu \u00e7al\u0131\u015fman\u0131n en b\u00fcy\u00fck g\u00fcc\u00fcd\u00fcr&#8221; dedi.<br \/><\/p>\n","protected":false},"excerpt":{"rendered":"<p>T\u00fcrkiye Ye\u015filay Cemiyeti ve \u0130zmir \u0130l Milli E\u011fitim M\u00fcd\u00fcrl\u00fc\u011f\u00fc i\u015f birli\u011fiyle gen\u00e7leri ba\u011f\u0131ml\u0131l\u0131k risklerinden korumay\u0131 hedefleyen \u2019Ye\u015filay Sa\u011fl\u0131kl\u0131 Ya\u015fam Ligi\u2019 projesinin pilot uygulamalar\u0131 ba\u015fl\u0131yor. \u0130ki kurumun hayata ge\u00e7irdi\u011fi bu projeyle gen\u00e7lere teorik bilginin \u00f6tesinde kal\u0131c\u0131 ya\u015fam al\u0131\u015fkanl\u0131klar\u0131 kazand\u0131r\u0131lmas\u0131 hedefleniyor. Geleneksel ba\u011f\u0131ml\u0131l\u0131k \u00f6nleme \u00e7al\u0131\u015fmalar\u0131n\u0131n aksine gen\u00e7lerin g\u00fcnl\u00fck ya\u015fam\u0131na do\u011frudan dokunan proje; sorumluluk, hareket ve dijital denge&#8230;<\/p>\n","protected":false},"author":1,"featured_media":99228,"comment_status":"open","ping_status":"open","sticky":false,"template":"","format":"standard","meta":{"_crdt_document":"","footnotes":""},"categories":[1],"tags":[],"class_list":["post-99227","post","type-post","status-publish","format-standard","has-post-thumbnail","hentry","category-guncel"],"_links":{"self":[{"href":"https:\/\/www.egemtv.com\/index.php?rest_route=\/wp\/v2\/posts\/99227","targetHints":{"allow":["GET"]}}],"collection":[{"href":"https:\/\/www.egemtv.com\/index.php?rest_route=\/wp\/v2\/posts"}],"about":[{"href":"https:\/\/www.egemtv.com\/index.php?rest_route=\/wp\/v2\/types\/post"}],"author":[{"embeddable":true,"href":"https:\/\/www.egemtv.com\/index.php?rest_route=\/wp\/v2\/users\/1"}],"replies":[{"embeddable":true,"href":"https:\/\/www.egemtv.com\/index.php?rest_route=%2Fwp%2Fv2%2Fcomments&post=99227"}],"version-history":[{"count":1,"href":"https:\/\/www.egemtv.com\/index.php?rest_route=\/wp\/v2\/posts\/99227\/revisions"}],"predecessor-version":[{"id":99229,"href":"https:\/\/www.egemtv.com\/index.php?rest_route=\/wp\/v2\/posts\/99227\/revisions\/99229"}],"wp:featuredmedia":[{"embeddable":true,"href":"https:\/\/www.egemtv.com\/index.php?rest_route=\/wp\/v2\/media\/99228"}],"wp:attachment":[{"href":"https:\/\/www.egemtv.com\/index.php?rest_route=%2Fwp%2Fv2%2Fmedia&parent=99227"}],"wp:term":[{"taxonomy":"category","embeddable":true,"href":"https:\/\/www.egemtv.com\/index.php?rest_route=%2Fwp%2Fv2%2Fcategories&post=99227"},{"taxonomy":"post_tag","embeddable":true,"href":"https:\/\/www.egemtv.com\/index.php?rest_route=%2Fwp%2Fv2%2Ftags&post=99227"}],"curies":[{"name":"wp","href":"https:\/\/api.w.org\/{rel}","templated":true}]}}