{"id":99224,"date":"2026-04-26T16:35:48","date_gmt":"2026-04-26T13:35:48","guid":{"rendered":"https:\/\/www.egemtv.com\/?p=99224"},"modified":"2026-04-26T16:35:49","modified_gmt":"2026-04-26T13:35:49","slug":"muglali-u15-grekoromen-gures-takimi-turkiye-ikincisi-oldu","status":"publish","type":"post","link":"https:\/\/www.egemtv.com\/?p=99224","title":{"rendered":"Mu\u011fla\u2019l\u0131 U15 grekoromen g\u00fcre\u015f tak\u0131m\u0131, T\u00fcrkiye ikincisi oldu"},"content":{"rendered":"<p>Kars\u2019ta d\u00fczenlenen U15 Grekoromen G\u00fcre\u015f T\u00fcrkiye \u015eampiyonas\u0131\u2019nda Milas Mehmet G\u00fc\u00e7l\u00fc Sporcu E\u011fitim Merkezi sporcular\u0131 \u00f6nemli dereceler elde ederek tak\u0131m halinde T\u00fcrkiye ikincisi oldular.<br \/>\n<br \/>41 kiloda Muhammed Mehdi Babat ile 44 kiloda Miri G\u00fcven rakiplerini geride b\u0131rakarak T\u00fcrkiye \u015fampiyonu oldu ve alt\u0131n madalya kazand\u0131. 48 kiloda Ya\u011f\u0131zalp Kara\u00e7or T\u00fcrkiye ikincili\u011fini elde ederken, 38 kiloda Mehmet Emin Aksoy T\u00fcrkiye \u00fc\u00e7\u00fcnc\u00fcs\u00fc olarak bronz madalyan\u0131n sahibi oldu.<br \/>\n<br \/>\u015eampiyonada 48 kiloda Serhat Aysel ile 57 kiloda Emir \u00d6nder de be\u015finci s\u0131ray\u0131 alarak dikkat \u00e7eken performans sergiledi. Elde edilen sonu\u00e7larla Milas Mehmet G\u00fc\u00e7l\u00fc Sporcu E\u011fitim Merkezi, tak\u0131m halinde T\u00fcrkiye ikincisi olarak b\u00fcy\u00fck gurur ya\u015fatt\u0131.<br \/>\n<br \/>Mu\u011fla Gen\u00e7lik ve Spor \u0130l M\u00fcd\u00fcr\u00fc Kaz\u0131m A\u00e7\u0131kba\u015f, ba\u015far\u0131lar\u0131n ard\u0131ndan yapt\u0131\u011f\u0131 a\u00e7\u0131klamada Mu\u011fla\u2019n\u0131n sporun her bran\u015f\u0131nda y\u00fckseli\u015fini s\u00fcrd\u00fcrd\u00fc\u011f\u00fcn\u00fc belirtti. A\u00e7\u0131kba\u015f, g\u00fcre\u015fte elde edilen derecelerin altyap\u0131ya verilen \u00f6nem ve yap\u0131lan yat\u0131r\u0131mlar\u0131n sonucu oldu\u011funu ifade etti.<br \/><\/p>\n","protected":false},"excerpt":{"rendered":"<p>Kars\u2019ta d\u00fczenlenen U15 Grekoromen G\u00fcre\u015f T\u00fcrkiye \u015eampiyonas\u0131\u2019nda Milas Mehmet G\u00fc\u00e7l\u00fc Sporcu E\u011fitim Merkezi sporcular\u0131 \u00f6nemli dereceler elde ederek tak\u0131m halinde T\u00fcrkiye ikincisi oldular. 41 kiloda Muhammed Mehdi Babat ile 44 kiloda Miri G\u00fcven rakiplerini geride b\u0131rakarak T\u00fcrkiye \u015fampiyonu oldu ve alt\u0131n madalya kazand\u0131. 48 kiloda Ya\u011f\u0131zalp Kara\u00e7or T\u00fcrkiye ikincili\u011fini elde ederken, 38 kiloda Mehmet Emin&#8230;<\/p>\n","protected":false},"author":1,"featured_media":99225,"comment_status":"open","ping_status":"open","sticky":false,"template":"","format":"standard","meta":{"_crdt_document":"","footnotes":""},"categories":[4],"tags":[],"class_list":["post-99224","post","type-post","status-publish","format-standard","has-post-thumbnail","hentry","category-spor"],"_links":{"self":[{"href":"https:\/\/www.egemtv.com\/index.php?rest_route=\/wp\/v2\/posts\/99224","targetHints":{"allow":["GET"]}}],"collection":[{"href":"https:\/\/www.egemtv.com\/index.php?rest_route=\/wp\/v2\/posts"}],"about":[{"href":"https:\/\/www.egemtv.com\/index.php?rest_route=\/wp\/v2\/types\/post"}],"author":[{"embeddable":true,"href":"https:\/\/www.egemtv.com\/index.php?rest_route=\/wp\/v2\/users\/1"}],"replies":[{"embeddable":true,"href":"https:\/\/www.egemtv.com\/index.php?rest_route=%2Fwp%2Fv2%2Fcomments&post=99224"}],"version-history":[{"count":1,"href":"https:\/\/www.egemtv.com\/index.php?rest_route=\/wp\/v2\/posts\/99224\/revisions"}],"predecessor-version":[{"id":99226,"href":"https:\/\/www.egemtv.com\/index.php?rest_route=\/wp\/v2\/posts\/99224\/revisions\/99226"}],"wp:featuredmedia":[{"embeddable":true,"href":"https:\/\/www.egemtv.com\/index.php?rest_route=\/wp\/v2\/media\/99225"}],"wp:attachment":[{"href":"https:\/\/www.egemtv.com\/index.php?rest_route=%2Fwp%2Fv2%2Fmedia&parent=99224"}],"wp:term":[{"taxonomy":"category","embeddable":true,"href":"https:\/\/www.egemtv.com\/index.php?rest_route=%2Fwp%2Fv2%2Fcategories&post=99224"},{"taxonomy":"post_tag","embeddable":true,"href":"https:\/\/www.egemtv.com\/index.php?rest_route=%2Fwp%2Fv2%2Ftags&post=99224"}],"curies":[{"name":"wp","href":"https:\/\/api.w.org\/{rel}","templated":true}]}}