{"id":99218,"date":"2026-04-26T16:00:52","date_gmt":"2026-04-26T13:00:52","guid":{"rendered":"https:\/\/www.egemtv.com\/?p=99218"},"modified":"2026-04-26T16:00:54","modified_gmt":"2026-04-26T13:00:54","slug":"17nci-yoruk-turkmen-toyu-icin-hazirliklar-suruyor","status":"publish","type":"post","link":"https:\/\/www.egemtv.com\/?p=99218","title":{"rendered":"17\u2019nci Y\u00f6r\u00fck-T\u00fcrkmen toyu i\u00e7in haz\u0131rl\u0131klar s\u00fcr\u00fcyor"},"content":{"rendered":"<p>Mu\u011fla B\u00fcy\u00fck\u015fehir Belediyesi, bu y\u0131l 17\u2019ncisi d\u00fczenlenecek Uluslararas\u0131 Y\u00f6r\u00fck-T\u00fcrkmen Toyu i\u00e7in haz\u0131rl\u0131klar\u0131n\u0131 s\u00fcrd\u00fcr\u00fcyor. Bu y\u0131l Mu\u011fla B\u00fcy\u00fck\u015fehir Belediye Ba\u015fkan\u0131 Ahmet Aras\u2019\u0131n ev sahipli\u011finde yap\u0131lacak olan Y\u00f6r\u00fck-T\u00fcrkmen Toyu, 6-7 Haziran\u2019da Mente\u015fe il\u00e7esindeki Y\u0131lanl\u0131 Y\u00f6r\u00fck Orman\u0131\u2019nda ger\u00e7ekle\u015ftirilecek.<br \/>\n<br \/>17\u2019nci Uluslararas\u0131 Y\u00f6r\u00fck-T\u00fcrkmen Toyu, 16 derne\u011fin kat\u0131l\u0131m\u0131yla d\u00fczenlenecek. Derneklerin oy birli\u011fiyle olu\u015fturdu\u011fu tertip komisyonunda; Y\u00f6r\u00fck-T\u00fcrkmen k\u00fclt\u00fcr\u00fcn\u00fcn ya\u015fat\u0131lmas\u0131 ve tan\u0131t\u0131lmas\u0131 ad\u0131na ulusal ve uluslararas\u0131 \u00e7al\u0131\u015fmalara \u00f6nc\u00fcl\u00fck eden \u0130smail Uzuno\u011flu, Orhan Akcan, Ramazan K\u0131vrak ve Mevl\u00fct Kiri\u015f yer al\u0131yor.<br \/>\n<br \/>B\u00fcy\u00fck\u015fehir Belediyesi \u00f6nc\u00fcl\u00fc\u011f\u00fcnde d\u00fczenlenen toyun bu y\u0131lki ana temas\u0131, Mu\u011fla S\u0131tk\u0131 Ko\u00e7man \u00dcniversitesi Y\u00f6r\u00fck T\u00fcrkmen Tarihi ve K\u00fclt\u00fcr\u00fc Uygulama ve Ara\u015ft\u0131rma Merkezi i\u015f birli\u011fiyle \u2018Ocaktan Saca, S\u00fctten A\u015fa: G\u00f6\u00e7er K\u00fclt\u00fcrde Yeme \u0130\u00e7me Gelene\u011fi\u2019 olarak belirlendi. \u0130ki g\u00fcn s\u00fcrecek etkinlik boyunca k\u00fclt\u00fcrel g\u00f6steriler, yerel lezzetler ve geleneksel ya\u015fam pratikleriyle Y\u00f6r\u00fck-T\u00fcrkmen miras\u0131 bir kez daha geni\u015f kitlelerle bulu\u015fturulacak.<br \/>\n<br \/>Ba\u015fkan Aras: &#8220;Y\u00f6r\u00fck-T\u00fcrkmen k\u00fclt\u00fcr\u00fc bizim k\u00f6k\u00fcm\u00fcz, haf\u0131zam\u0131zd\u0131r&#8221;<br \/>\n<br \/>Y\u00f6r\u00fck-T\u00fcrkmen k\u00fclt\u00fcr\u00fcn\u00fcn ya\u015fat\u0131lmas\u0131 ve gelecek ku\u015faklara aktar\u0131lmas\u0131n\u0131n \u00f6nemine dikkat \u00e7eken K\u0131y\u0131 Ege Belediyeler Birli\u011fi ve Mu\u011fla B\u00fcy\u00fck\u015fehir Belediye Ba\u015fkan\u0131 Ahmet Aras, &#8220;Y\u00f6r\u00fck-T\u00fcrkmen k\u00fclt\u00fcr\u00fc bizim k\u00f6k\u00fcm\u00fcz, haf\u0131zam\u0131zd\u0131r. Bu kadim gelene\u011fi ya\u015fatmak ve gelecek ku\u015faklara aktarmak i\u00e7in \u00e7al\u0131\u015fmalar\u0131m\u0131z\u0131 s\u00fcrd\u00fcr\u00fcyoruz. Uluslararas\u0131 Y\u00f6r\u00fck-T\u00fcrkmen Toyu da bu k\u00fclt\u00fcr\u00fc ya\u015fatan, birlik ve dayan\u0131\u015fmam\u0131z\u0131 g\u00fc\u00e7lendiren en anlaml\u0131 bulu\u015fmalardan biri. T\u00fcm hem\u015fehrilerimizi ve misafirlerimizi 6-7 Haziran\u2019da Y\u0131lanl\u0131 Y\u00f6r\u00fck Orman\u0131\u2019nda d\u00fczenleyece\u011fimiz 17\u2019nci Uluslararas\u0131 Y\u00f6r\u00fck-T\u00fcrkmen Toyu\u2019na bekliyoruz&#8221; dedi.<br \/><\/p>\n","protected":false},"excerpt":{"rendered":"<p>Mu\u011fla B\u00fcy\u00fck\u015fehir Belediyesi, bu y\u0131l 17\u2019ncisi d\u00fczenlenecek Uluslararas\u0131 Y\u00f6r\u00fck-T\u00fcrkmen Toyu i\u00e7in haz\u0131rl\u0131klar\u0131n\u0131 s\u00fcrd\u00fcr\u00fcyor. Bu y\u0131l Mu\u011fla B\u00fcy\u00fck\u015fehir Belediye Ba\u015fkan\u0131 Ahmet Aras\u2019\u0131n ev sahipli\u011finde yap\u0131lacak olan Y\u00f6r\u00fck-T\u00fcrkmen Toyu, 6-7 Haziran\u2019da Mente\u015fe il\u00e7esindeki Y\u0131lanl\u0131 Y\u00f6r\u00fck Orman\u0131\u2019nda ger\u00e7ekle\u015ftirilecek. 17\u2019nci Uluslararas\u0131 Y\u00f6r\u00fck-T\u00fcrkmen Toyu, 16 derne\u011fin kat\u0131l\u0131m\u0131yla d\u00fczenlenecek. Derneklerin oy birli\u011fiyle olu\u015fturdu\u011fu tertip komisyonunda; Y\u00f6r\u00fck-T\u00fcrkmen k\u00fclt\u00fcr\u00fcn\u00fcn ya\u015fat\u0131lmas\u0131 ve tan\u0131t\u0131lmas\u0131 ad\u0131na&#8230;<\/p>\n","protected":false},"author":1,"featured_media":99219,"comment_status":"open","ping_status":"open","sticky":false,"template":"","format":"standard","meta":{"_crdt_document":"","footnotes":""},"categories":[1],"tags":[],"class_list":["post-99218","post","type-post","status-publish","format-standard","has-post-thumbnail","hentry","category-guncel"],"_links":{"self":[{"href":"https:\/\/www.egemtv.com\/index.php?rest_route=\/wp\/v2\/posts\/99218","targetHints":{"allow":["GET"]}}],"collection":[{"href":"https:\/\/www.egemtv.com\/index.php?rest_route=\/wp\/v2\/posts"}],"about":[{"href":"https:\/\/www.egemtv.com\/index.php?rest_route=\/wp\/v2\/types\/post"}],"author":[{"embeddable":true,"href":"https:\/\/www.egemtv.com\/index.php?rest_route=\/wp\/v2\/users\/1"}],"replies":[{"embeddable":true,"href":"https:\/\/www.egemtv.com\/index.php?rest_route=%2Fwp%2Fv2%2Fcomments&post=99218"}],"version-history":[{"count":1,"href":"https:\/\/www.egemtv.com\/index.php?rest_route=\/wp\/v2\/posts\/99218\/revisions"}],"predecessor-version":[{"id":99220,"href":"https:\/\/www.egemtv.com\/index.php?rest_route=\/wp\/v2\/posts\/99218\/revisions\/99220"}],"wp:featuredmedia":[{"embeddable":true,"href":"https:\/\/www.egemtv.com\/index.php?rest_route=\/wp\/v2\/media\/99219"}],"wp:attachment":[{"href":"https:\/\/www.egemtv.com\/index.php?rest_route=%2Fwp%2Fv2%2Fmedia&parent=99218"}],"wp:term":[{"taxonomy":"category","embeddable":true,"href":"https:\/\/www.egemtv.com\/index.php?rest_route=%2Fwp%2Fv2%2Fcategories&post=99218"},{"taxonomy":"post_tag","embeddable":true,"href":"https:\/\/www.egemtv.com\/index.php?rest_route=%2Fwp%2Fv2%2Ftags&post=99218"}],"curies":[{"name":"wp","href":"https:\/\/api.w.org\/{rel}","templated":true}]}}