{"id":99215,"date":"2026-04-26T16:00:50","date_gmt":"2026-04-26T13:00:50","guid":{"rendered":"https:\/\/www.egemtv.com\/?p=99215"},"modified":"2026-04-26T16:00:52","modified_gmt":"2026-04-26T13:00:52","slug":"ataturk-devlet-hastanesinde-saglik-calisanlarina-hukuki-egitim","status":"publish","type":"post","link":"https:\/\/www.egemtv.com\/?p=99215","title":{"rendered":"Atat\u00fcrk Devlet Hastanesi\u2019nde sa\u011fl\u0131k \u00e7al\u0131\u015fanlar\u0131na hukuki e\u011fitim"},"content":{"rendered":"<p>Ayd\u0131n\u2019da Atat\u00fcrk Devlet Hastanesi b\u00fcnyesinde g\u00f6rev yapan hekim ve sa\u011fl\u0131k personeline y\u00f6nelik \u2019Mesleki Sorumluluk Kurulu ve R\u00fccu \u0130\u015fleyi\u015fine \u0130li\u015fkin E\u011fitim\u2019 d\u00fczenlendi.<\/p>\n<p>Ayd\u0131n \u0130l Sa\u011fl\u0131k M\u00fcd\u00fcrl\u00fc\u011f\u00fc Hukuk ve Muhakemat biriminde g\u00f6revli avukatlar ile Mesleki Sorumluluk Kurulu \u0130l Koordinat\u00f6r\u00fc taraf\u0131ndan verilen e\u011fitimde, sa\u011fl\u0131k \u00e7al\u0131\u015fanlar\u0131n\u0131n mesleki sorumluluklar\u0131 ve hukuki s\u00fcre\u00e7lerde izlenecek yollar detayl\u0131 \u015fekilde ele al\u0131nd\u0131. E\u011fitim kapsam\u0131nda, \u00f6zellikle r\u00fccu i\u015fleyi\u015fi, idari ve hukuki sorumluluklar ile sa\u011fl\u0131k \u00e7al\u0131\u015fanlar\u0131n\u0131n g\u00f6revlerini yerine getirirken dikkat etmesi gereken hususlar hakk\u0131nda bilgilendirme yap\u0131ld\u0131. Kat\u0131l\u0131mc\u0131lara, kar\u015f\u0131la\u015f\u0131labilecek hukuki durumlarda izlenecek prosed\u00fcrler \u00f6rnekler \u00fczerinden anlat\u0131ld\u0131.<\/p>\n<p>Program\u0131n sonunda e\u011fitime katk\u0131 sunan e\u011fitmenlere ve kat\u0131l\u0131m sa\u011flayan sa\u011fl\u0131k \u00e7al\u0131\u015fanlar\u0131na te\u015fekk\u00fcr edilirken, e\u011fitimin sa\u011fl\u0131k hizmetlerinin daha bilin\u00e7li ve g\u00fcvenli \u015fekilde y\u00fcr\u00fct\u00fclmesine katk\u0131 sa\u011flamas\u0131n\u0131n hedeflendi\u011fi belirtildi.<br \/><\/p>\n","protected":false},"excerpt":{"rendered":"<p>Ayd\u0131n\u2019da Atat\u00fcrk Devlet Hastanesi b\u00fcnyesinde g\u00f6rev yapan hekim ve sa\u011fl\u0131k personeline y\u00f6nelik \u2019Mesleki Sorumluluk Kurulu ve R\u00fccu \u0130\u015fleyi\u015fine \u0130li\u015fkin E\u011fitim\u2019 d\u00fczenlendi. Ayd\u0131n \u0130l Sa\u011fl\u0131k M\u00fcd\u00fcrl\u00fc\u011f\u00fc Hukuk ve Muhakemat biriminde g\u00f6revli avukatlar ile Mesleki Sorumluluk Kurulu \u0130l Koordinat\u00f6r\u00fc taraf\u0131ndan verilen e\u011fitimde, sa\u011fl\u0131k \u00e7al\u0131\u015fanlar\u0131n\u0131n mesleki sorumluluklar\u0131 ve hukuki s\u00fcre\u00e7lerde izlenecek yollar detayl\u0131 \u015fekilde ele al\u0131nd\u0131. E\u011fitim kapsam\u0131nda,&#8230;<\/p>\n","protected":false},"author":1,"featured_media":99216,"comment_status":"open","ping_status":"open","sticky":false,"template":"","format":"standard","meta":{"_crdt_document":"","footnotes":""},"categories":[1],"tags":[],"class_list":["post-99215","post","type-post","status-publish","format-standard","has-post-thumbnail","hentry","category-guncel"],"_links":{"self":[{"href":"https:\/\/www.egemtv.com\/index.php?rest_route=\/wp\/v2\/posts\/99215","targetHints":{"allow":["GET"]}}],"collection":[{"href":"https:\/\/www.egemtv.com\/index.php?rest_route=\/wp\/v2\/posts"}],"about":[{"href":"https:\/\/www.egemtv.com\/index.php?rest_route=\/wp\/v2\/types\/post"}],"author":[{"embeddable":true,"href":"https:\/\/www.egemtv.com\/index.php?rest_route=\/wp\/v2\/users\/1"}],"replies":[{"embeddable":true,"href":"https:\/\/www.egemtv.com\/index.php?rest_route=%2Fwp%2Fv2%2Fcomments&post=99215"}],"version-history":[{"count":1,"href":"https:\/\/www.egemtv.com\/index.php?rest_route=\/wp\/v2\/posts\/99215\/revisions"}],"predecessor-version":[{"id":99217,"href":"https:\/\/www.egemtv.com\/index.php?rest_route=\/wp\/v2\/posts\/99215\/revisions\/99217"}],"wp:featuredmedia":[{"embeddable":true,"href":"https:\/\/www.egemtv.com\/index.php?rest_route=\/wp\/v2\/media\/99216"}],"wp:attachment":[{"href":"https:\/\/www.egemtv.com\/index.php?rest_route=%2Fwp%2Fv2%2Fmedia&parent=99215"}],"wp:term":[{"taxonomy":"category","embeddable":true,"href":"https:\/\/www.egemtv.com\/index.php?rest_route=%2Fwp%2Fv2%2Fcategories&post=99215"},{"taxonomy":"post_tag","embeddable":true,"href":"https:\/\/www.egemtv.com\/index.php?rest_route=%2Fwp%2Fv2%2Ftags&post=99215"}],"curies":[{"name":"wp","href":"https:\/\/api.w.org\/{rel}","templated":true}]}}