{"id":99212,"date":"2026-04-26T16:00:49","date_gmt":"2026-04-26T13:00:49","guid":{"rendered":"https:\/\/www.egemtv.com\/?p=99212"},"modified":"2026-04-26T16:00:50","modified_gmt":"2026-04-26T13:00:50","slug":"izmirde-kaybolan-15-yasindaki-asya-7-gundur-araniyor","status":"publish","type":"post","link":"https:\/\/www.egemtv.com\/?p=99212","title":{"rendered":"\u0130zmir\u2019de kaybolan 15 ya\u015f\u0131ndaki Asya, 7 g\u00fcnd\u00fcr aran\u0131yor"},"content":{"rendered":"<p>\u0130zmir\u2019in Buca il\u00e7esinde \u00e7al\u0131\u015ft\u0131\u011f\u0131 i\u015f yerinden ayr\u0131ld\u0131ktan sonra s\u0131rra kadem basan, y\u00fczde 25 zihinsel engelli 15 ya\u015f\u0131ndaki k\u0131z\u0131 arama \u00e7al\u0131\u015fmalar\u0131 s\u00fcr\u00fcyor. G\u00f6z\u00fc ya\u015fl\u0131 anne, evlad\u0131n\u0131n birileri taraf\u0131ndan al\u0131konuldu\u011funu iddia ederek yard\u0131m istedi.<br \/>\n<br \/>Buca il\u00e7esi F\u0131rat Mahallesi\u2019nde ikamet eden ve y\u00fczde 25 zihinsel engelli Asya Karaku\u015f (15), 20 Nisan\u2019da i\u015f yerinden ayr\u0131ld\u0131ktan sonra kay\u0131plara kar\u0131\u015ft\u0131. Ailenin ihbar\u0131 \u00fczerine polis ekipleri arama \u00e7al\u0131\u015fmas\u0131 ba\u015flatt\u0131. \u00c7evredeki g\u00fcvenlik kameralar\u0131n\u0131 inceleyen ekipler, kay\u0131p k\u0131z\u0131n Buca ve Bornova \u00e7evresinde g\u00f6r\u00fcld\u00fc\u011f\u00fcn\u00fc tespit etti. G\u00f6r\u00fcnt\u00fclerde bir erkekle bir s\u00fcre konu\u015ftu\u011fu ve daha sonra \u015f\u00fcpheli \u015fahs\u0131n yan\u0131ndan ayr\u0131ld\u0131\u011f\u0131 belirlenen Karaku\u015f\u2019un, son olarak saat 22.00 s\u0131ralar\u0131nda Bornova il\u00e7esindeki K\u00fc\u00e7\u00fckpark civar\u0131nda oldu\u011fu \u00f6\u011frenildi.<\/p>\n<p>Sahte hesaplardan mesajlar at\u0131ld\u0131<br \/>\n<br \/>Olay g\u00fcn\u00fc Mu\u011fla\u2019n\u0131n Bodrum il\u00e7esinde bulunan anne Nesrin Do\u011fan, durumu \u00f6\u011frenince Turgutreis Jandarma Karakolu\u2019na kay\u0131p ba\u015fvurusunda bulundu. Ard\u0131ndan \u0130zmir\u2019e gelerek emniyet g\u00fc\u00e7leriyle koordineli \u015fekilde arama \u00e7al\u0131\u015fmalar\u0131na kat\u0131ld\u0131. Bu s\u00fcre\u00e7te Asya ad\u0131na a\u00e7\u0131lan sahte sosyal medya hesaplar\u0131ndan aileye mesajlar g\u00f6nderilmeye ba\u015fland\u0131. Mesajlarda kay\u0131p ilanlar\u0131n\u0131n ve sosyal medyadaki payla\u015f\u0131mlar\u0131n kald\u0131r\u0131lmas\u0131 istendi. Aile ise k\u0131zlar\u0131n\u0131n kendi iste\u011fiyle ka\u00e7mas\u0131n\u0131n m\u00fcmk\u00fcn olmad\u0131\u011f\u0131n\u0131 ve bu mesajlar\u0131n ba\u015fka bir \u015f\u00fcpheli taraf\u0131ndan g\u00f6nderildi\u011fini ileri s\u00fcrd\u00fc.<\/p>\n<p>&#8220;Kendi iradesiyle gidebilecek bir \u00e7ocuk de\u011fil&#8221;<br \/>\n<br \/>K\u0131z\u0131n\u0131n 20 Nisan ak\u015fam\u0131 i\u015f yerinden \u00e7\u0131kt\u0131ktan sonra kayboldu\u011funu belirten anne Nesrin Do\u011fan, &#8220;Olay tarihinde ben Bodrum\u2019dayd\u0131m. Ablas\u0131 kendi imkanlar\u0131yla ula\u015fmaya \u00e7al\u0131\u015f\u0131yor. Ula\u015famay\u0131nca bana haber verildi. Asya isminde sahte bir hesaptan bize \u2019Ben Asya, ben iyiyim. Beni aramay\u0131n\u2019 \u015feklinde mesaj geldi. Ar\u0131yoruz, telefonlara cevap verilmiyor. Ablas\u0131n\u0131n sosyal medya hesab\u0131na \u2019Ararsan\u0131z engellerim\u2019 yaz\u0131ld\u0131. Daha sonra \u2019T\u00fcm ilanlar\u0131n hepsini kald\u0131racaks\u0131n\u0131z. E\u011fer kald\u0131rmazsan\u0131z benden hi\u00e7bir \u015fekilde haber alamazs\u0131n\u0131z\u2019 \u015feklinde tehdit mesajlar\u0131 geldi. Asya yazm\u0131yor bunu, ba\u015fkas\u0131 yaz\u0131yor&#8221; dedi.<\/p>\n<p>&#8220;Al\u0131konuldu\u011fundan \u015f\u00fcpheleniyorum&#8221;<br \/>\n<br \/>Sosyal medyaya yans\u0131yan ve k\u0131z\u0131n\u0131n y\u00fcz\u00fcnde darp izleri oldu\u011fu iddia edilen bir foto\u011fraf\u0131n kendilerine g\u00f6nderildi\u011fini anlatan Do\u011fan, &#8220;Kelime aras\u0131nda ablas\u0131na bir c\u00fcmle kullan\u0131yor. Ablas\u0131 o kelimeden sonra Asya\u2019n\u0131n olmad\u0131\u011f\u0131n\u0131 anl\u0131yor. Ablas\u0131 \u2019Bu sen de\u011filsin. Sen kimsin, seni anandan do\u011fdu\u011funa pi\u015fman edece\u011fim. \u00c7ocuk ka\u00e7\u0131rma su\u00e7unu biliyor musun?\u2019 diyor. Hemen ard\u0131ndan hesap engelleniyor ve siliniyor. Benim k\u0131z\u0131m kendi iradesiyle gidebilecek bir \u00e7ocuk de\u011fil. Y\u00fczde 25 oran\u0131nda zihinsel engelli ve zeka gerili\u011fi olan bir \u00e7ocuk. Evde gece tek ba\u015f\u0131na kalamaz. Buna mutlaka yard\u0131m eden bir yeti\u015fkin oldu\u011funa inan\u0131yorum. \u00c7ocu\u011fumun al\u0131konuldu\u011fu \u015f\u00fcphesiyle hareket ediyorum&#8221; ifadelerini kulland\u0131.<\/p>\n<p>&#8220;3 ki\u015finin ifadesi al\u0131nd\u0131&#8221;<br \/>\n<br \/>Olayla ilgili \u015f\u00fcphelendi\u011fi ki\u015fileri emniyete bildirdi\u011fini s\u00f6yleyen Do\u011fan, &#8220;Emniyette ifadesine ba\u015fvurulan 3 ki\u015fi var. Bunlardan birisi i\u015f arkada\u015f\u0131, di\u011feri eski ni\u015fanl\u0131s\u0131. Kamera g\u00f6r\u00fcnt\u00fclerinde k\u0131z\u0131m\u0131 Buca \u00dc\u00e7kuyular Meydan\u0131\u2019ndan arabaya bindirip Bornova K\u00fc\u00e7\u00fckpark\u2019a kadar g\u00f6t\u00fcren bir \u015f\u00fcpheli \u015fah\u0131s daha var. G\u00fcvenlik kameras\u0131nda orada bir telefon al\u0131\u015fveri\u015fi oldu\u011funu g\u00f6r\u00fcyoruz. Polisler detayl\u0131 olarak inceliyor. Ben ila\u00e7larla ayakta kal\u0131yorum. K\u0131z\u0131m\u0131n acilen bulunmas\u0131n\u0131 istiyorum&#8221; \u015feklinde konu\u015ftu.<\/p>\n<p>&#8220;K\u0131z\u0131m\u0131 sa\u011f salim bulmak istiyorum&#8221;<br \/>\n<br \/>K\u0131z\u0131na kavu\u015fmak i\u00e7in yetkililerden ve vatanda\u015flardan yard\u0131m bekleyen anne, &#8220;K\u0131z\u0131m\u0131 sa\u011f salim bulmak istiyorum. Nerede olursa olsun, kiminle olursa olsun ben k\u0131z\u0131m\u0131n arkas\u0131nday\u0131m. O benim can\u0131m. Kimsenin evlad\u0131ma zarar vermesini istemiyorum. \u0130\u00e7im yan\u0131yor, 7 g\u00fcnd\u00fcr haber alam\u0131yorum. \u00c7ocu\u011fum anne sevgisine muhta\u00e7 bir \u00e7ocuk. Bu i\u015fin arkas\u0131n\u0131 b\u0131rakmayaca\u011f\u0131m ve sonuna kadar gidece\u011fim. L\u00fctfen herkes benimle tek y\u00fcrek olsun&#8221; diye konu\u015ftu.<br \/><\/p>\n","protected":false},"excerpt":{"rendered":"<p>\u0130zmir\u2019in Buca il\u00e7esinde \u00e7al\u0131\u015ft\u0131\u011f\u0131 i\u015f yerinden ayr\u0131ld\u0131ktan sonra s\u0131rra kadem basan, y\u00fczde 25 zihinsel engelli 15 ya\u015f\u0131ndaki k\u0131z\u0131 arama \u00e7al\u0131\u015fmalar\u0131 s\u00fcr\u00fcyor. G\u00f6z\u00fc ya\u015fl\u0131 anne, evlad\u0131n\u0131n birileri taraf\u0131ndan al\u0131konuldu\u011funu iddia ederek yard\u0131m istedi. Buca il\u00e7esi F\u0131rat Mahallesi\u2019nde ikamet eden ve y\u00fczde 25 zihinsel engelli Asya Karaku\u015f (15), 20 Nisan\u2019da i\u015f yerinden ayr\u0131ld\u0131ktan sonra kay\u0131plara kar\u0131\u015ft\u0131. Ailenin&#8230;<\/p>\n","protected":false},"author":1,"featured_media":99213,"comment_status":"open","ping_status":"open","sticky":false,"template":"","format":"standard","meta":{"_crdt_document":"","footnotes":""},"categories":[5],"tags":[],"class_list":["post-99212","post","type-post","status-publish","format-standard","has-post-thumbnail","hentry","category-asayis"],"_links":{"self":[{"href":"https:\/\/www.egemtv.com\/index.php?rest_route=\/wp\/v2\/posts\/99212","targetHints":{"allow":["GET"]}}],"collection":[{"href":"https:\/\/www.egemtv.com\/index.php?rest_route=\/wp\/v2\/posts"}],"about":[{"href":"https:\/\/www.egemtv.com\/index.php?rest_route=\/wp\/v2\/types\/post"}],"author":[{"embeddable":true,"href":"https:\/\/www.egemtv.com\/index.php?rest_route=\/wp\/v2\/users\/1"}],"replies":[{"embeddable":true,"href":"https:\/\/www.egemtv.com\/index.php?rest_route=%2Fwp%2Fv2%2Fcomments&post=99212"}],"version-history":[{"count":1,"href":"https:\/\/www.egemtv.com\/index.php?rest_route=\/wp\/v2\/posts\/99212\/revisions"}],"predecessor-version":[{"id":99214,"href":"https:\/\/www.egemtv.com\/index.php?rest_route=\/wp\/v2\/posts\/99212\/revisions\/99214"}],"wp:featuredmedia":[{"embeddable":true,"href":"https:\/\/www.egemtv.com\/index.php?rest_route=\/wp\/v2\/media\/99213"}],"wp:attachment":[{"href":"https:\/\/www.egemtv.com\/index.php?rest_route=%2Fwp%2Fv2%2Fmedia&parent=99212"}],"wp:term":[{"taxonomy":"category","embeddable":true,"href":"https:\/\/www.egemtv.com\/index.php?rest_route=%2Fwp%2Fv2%2Fcategories&post=99212"},{"taxonomy":"post_tag","embeddable":true,"href":"https:\/\/www.egemtv.com\/index.php?rest_route=%2Fwp%2Fv2%2Ftags&post=99212"}],"curies":[{"name":"wp","href":"https:\/\/api.w.org\/{rel}","templated":true}]}}