{"id":9921,"date":"2025-01-17T12:31:25","date_gmt":"2025-01-17T09:31:25","guid":{"rendered":"https:\/\/www.egemtv.com\/?p=9921"},"modified":"2025-01-17T12:31:28","modified_gmt":"2025-01-17T09:31:28","slug":"usakta-61-bin-ogrenci-karnesini-aldi","status":"publish","type":"post","link":"https:\/\/www.egemtv.com\/?p=9921","title":{"rendered":"U\u015fak\u2019ta 61 bin \u00f6\u011frenci karnesini ald\u0131"},"content":{"rendered":"<p>U\u015fak\u2019ta 2024-2025 e\u011fitim-\u00f6\u011fretim y\u0131l\u0131n\u0131n ilk d\u00f6nemi sona ererken 61 bin 776 \u00f6\u011frenci karne alarak yar\u0131y\u0131l tatiline girdi.<\/p>\n<p>U\u015fak\u2019ta 2024-2025 e\u011fitim-\u00f6\u011fretim y\u0131l\u0131n\u0131n ilk d\u00f6nemi sona ererken Gazi Mustafa Kemal \u0130lkokulunda karne t\u00f6reni d\u00fczenlendi. T\u00f6rene U\u015fak Valisi Naci Akta\u015f, Vali Yard\u0131mc\u0131s\u0131 Bar\u0131\u015f Demirta\u015f, U\u015fak AK Parti Milletvekili Fahrettin Tu\u011frul, U\u015fak CHP Milletvekili Ali Karaoba, \u0130l Emniyet M\u00fcd\u00fcr\u00fc Mehmet Ali Kolcu, \u0130l Jandarma Komutan\u0131 K\u0131demli Albay Fahri Semiz, U\u015fak Belediye Ba\u015fkan Yard\u0131mc\u0131s\u0131 Reyhan Ayd\u0131n, \u0130l Milli E\u011fitim M\u00fcd\u00fcr\u00fc Halil Y\u00fccel ve protokol \u00fcyeleri kat\u0131ld\u0131.<\/p>\n<p>Vali Akta\u015f ve protokol \u00fcyeleri girdi\u011fi s\u0131n\u0131fta \u00f6\u011frencilerle sohbet etti. Daha sonra \u00f6\u011frencilere karnelerini da\u011f\u0131tan ve \u00e7e\u015fitli hediyeler veren Vali Akta\u015f ve protokol \u00fcyeleri, \u00f6\u011frencilere iyi tatiller dileyerek okuldan ayr\u0131ld\u0131.<br \/>\n<br \/>\u00d6te yandan U\u015fak\u2019ta toplam 314 okulda 61 bin 776 \u00f6\u011frenci karne ald\u0131.<br \/><\/p>\n","protected":false},"excerpt":{"rendered":"<p>U\u015fak\u2019ta 2024-2025 e\u011fitim-\u00f6\u011fretim y\u0131l\u0131n\u0131n ilk d\u00f6nemi sona ererken 61 bin 776 \u00f6\u011frenci karne alarak yar\u0131y\u0131l tatiline girdi. U\u015fak\u2019ta 2024-2025 e\u011fitim-\u00f6\u011fretim y\u0131l\u0131n\u0131n ilk d\u00f6nemi sona ererken Gazi Mustafa Kemal \u0130lkokulunda karne t\u00f6reni d\u00fczenlendi. T\u00f6rene U\u015fak Valisi Naci Akta\u015f, Vali Yard\u0131mc\u0131s\u0131 Bar\u0131\u015f Demirta\u015f, U\u015fak AK Parti Milletvekili Fahrettin Tu\u011frul, U\u015fak CHP Milletvekili Ali Karaoba, \u0130l Emniyet M\u00fcd\u00fcr\u00fc&#8230;<\/p>\n","protected":false},"author":1,"featured_media":9922,"comment_status":"open","ping_status":"open","sticky":false,"template":"","format":"standard","meta":{"_crdt_document":"","footnotes":""},"categories":[1],"tags":[],"class_list":["post-9921","post","type-post","status-publish","format-standard","has-post-thumbnail","hentry","category-guncel"],"_links":{"self":[{"href":"https:\/\/www.egemtv.com\/index.php?rest_route=\/wp\/v2\/posts\/9921","targetHints":{"allow":["GET"]}}],"collection":[{"href":"https:\/\/www.egemtv.com\/index.php?rest_route=\/wp\/v2\/posts"}],"about":[{"href":"https:\/\/www.egemtv.com\/index.php?rest_route=\/wp\/v2\/types\/post"}],"author":[{"embeddable":true,"href":"https:\/\/www.egemtv.com\/index.php?rest_route=\/wp\/v2\/users\/1"}],"replies":[{"embeddable":true,"href":"https:\/\/www.egemtv.com\/index.php?rest_route=%2Fwp%2Fv2%2Fcomments&post=9921"}],"version-history":[{"count":1,"href":"https:\/\/www.egemtv.com\/index.php?rest_route=\/wp\/v2\/posts\/9921\/revisions"}],"predecessor-version":[{"id":9923,"href":"https:\/\/www.egemtv.com\/index.php?rest_route=\/wp\/v2\/posts\/9921\/revisions\/9923"}],"wp:featuredmedia":[{"embeddable":true,"href":"https:\/\/www.egemtv.com\/index.php?rest_route=\/wp\/v2\/media\/9922"}],"wp:attachment":[{"href":"https:\/\/www.egemtv.com\/index.php?rest_route=%2Fwp%2Fv2%2Fmedia&parent=9921"}],"wp:term":[{"taxonomy":"category","embeddable":true,"href":"https:\/\/www.egemtv.com\/index.php?rest_route=%2Fwp%2Fv2%2Fcategories&post=9921"},{"taxonomy":"post_tag","embeddable":true,"href":"https:\/\/www.egemtv.com\/index.php?rest_route=%2Fwp%2Fv2%2Ftags&post=9921"}],"curies":[{"name":"wp","href":"https:\/\/api.w.org\/{rel}","templated":true}]}}