{"id":99209,"date":"2026-04-26T16:00:48","date_gmt":"2026-04-26T13:00:48","guid":{"rendered":"https:\/\/www.egemtv.com\/?p=99209"},"modified":"2026-04-26T16:00:49","modified_gmt":"2026-04-26T13:00:49","slug":"selendi-ak-partide-mahalle-baskanlari-toplandi","status":"publish","type":"post","link":"https:\/\/www.egemtv.com\/?p=99209","title":{"rendered":"Selendi AK Parti\u2019de mahalle ba\u015fkanlar\u0131 topland\u0131"},"content":{"rendered":"<p>Manisa\u2019n\u0131n Selendi il\u00e7esinde, AK Parti te\u015fkilat\u0131 taraf\u0131ndan d\u00fczenlenen Mahalle Ba\u015fkanlar\u0131 Toplant\u0131s\u0131 geni\u015f kat\u0131l\u0131mla ger\u00e7ekle\u015ftirildi.<br \/>\n<br \/>AK Parti Selendi \u0130l\u00e7e Ba\u015fkanl\u0131\u011f\u0131 binas\u0131nda yap\u0131lan toplant\u0131ya, AK Parti U\u015fak Milletvekili ve Manisa Koordinat\u00f6r\u00fc Fahrettin Tu\u011frul, Selendi Belediye Ba\u015fkan\u0131 Murat Daban, AK Parti Manisa \u0130l Ba\u015fkan\u0131 S\u00fcleyman Turgut, \u0130l\u00e7e Ba\u015fkan\u0131 \u015eafak Aydo\u011fu\u015f, Kad\u0131n Kollar\u0131 \u0130l\u00e7e Ba\u015fkan\u0131 Feyza Kocademir, Gen\u00e7lik Kollar\u0131 \u0130l\u00e7e Ba\u015fkan\u0131 Numan A\u00e7ar ile mahalle temsilcileri kat\u0131ld\u0131.<br \/>\n<br \/>Toplant\u0131da mahalle bazl\u0131 \u00e7al\u0131\u015fmalar ele al\u0131n\u0131rken, te\u015fkilat\u0131n sahadaki faaliyetleri ve vatanda\u015flarla olan ileti\u015fimin g\u00fc\u00e7lendirilmesi konular\u0131 \u00fczerinde duruldu. Kat\u0131l\u0131mc\u0131lar, mahallelerde ya\u015fanan sorunlar ve \u00e7\u00f6z\u00fcm \u00f6nerileri hakk\u0131nda g\u00f6r\u00fc\u015f al\u0131\u015fveri\u015finde bulundu.<br \/>\n<br \/>Programda konu\u015fan Milletvekili Tu\u011frul, te\u015fkilat \u00e7al\u0131\u015fmalar\u0131n\u0131n \u00f6nemine de\u011finerek, birlik ve beraberlik i\u00e7inde sahada aktif olunmas\u0131n\u0131n gereklili\u011fini vurgulad\u0131. Toplant\u0131, kar\u015f\u0131l\u0131kl\u0131 isti\u015farelerin ard\u0131ndan sona erdi.<br \/><\/p>\n","protected":false},"excerpt":{"rendered":"<p>Manisa\u2019n\u0131n Selendi il\u00e7esinde, AK Parti te\u015fkilat\u0131 taraf\u0131ndan d\u00fczenlenen Mahalle Ba\u015fkanlar\u0131 Toplant\u0131s\u0131 geni\u015f kat\u0131l\u0131mla ger\u00e7ekle\u015ftirildi. AK Parti Selendi \u0130l\u00e7e Ba\u015fkanl\u0131\u011f\u0131 binas\u0131nda yap\u0131lan toplant\u0131ya, AK Parti U\u015fak Milletvekili ve Manisa Koordinat\u00f6r\u00fc Fahrettin Tu\u011frul, Selendi Belediye Ba\u015fkan\u0131 Murat Daban, AK Parti Manisa \u0130l Ba\u015fkan\u0131 S\u00fcleyman Turgut, \u0130l\u00e7e Ba\u015fkan\u0131 \u015eafak Aydo\u011fu\u015f, Kad\u0131n Kollar\u0131 \u0130l\u00e7e Ba\u015fkan\u0131 Feyza Kocademir, Gen\u00e7lik Kollar\u0131&#8230;<\/p>\n","protected":false},"author":1,"featured_media":99210,"comment_status":"open","ping_status":"open","sticky":false,"template":"","format":"standard","meta":{"_crdt_document":"","footnotes":""},"categories":[127],"tags":[],"class_list":["post-99209","post","type-post","status-publish","format-standard","has-post-thumbnail","hentry","category-siyaset"],"_links":{"self":[{"href":"https:\/\/www.egemtv.com\/index.php?rest_route=\/wp\/v2\/posts\/99209","targetHints":{"allow":["GET"]}}],"collection":[{"href":"https:\/\/www.egemtv.com\/index.php?rest_route=\/wp\/v2\/posts"}],"about":[{"href":"https:\/\/www.egemtv.com\/index.php?rest_route=\/wp\/v2\/types\/post"}],"author":[{"embeddable":true,"href":"https:\/\/www.egemtv.com\/index.php?rest_route=\/wp\/v2\/users\/1"}],"replies":[{"embeddable":true,"href":"https:\/\/www.egemtv.com\/index.php?rest_route=%2Fwp%2Fv2%2Fcomments&post=99209"}],"version-history":[{"count":1,"href":"https:\/\/www.egemtv.com\/index.php?rest_route=\/wp\/v2\/posts\/99209\/revisions"}],"predecessor-version":[{"id":99211,"href":"https:\/\/www.egemtv.com\/index.php?rest_route=\/wp\/v2\/posts\/99209\/revisions\/99211"}],"wp:featuredmedia":[{"embeddable":true,"href":"https:\/\/www.egemtv.com\/index.php?rest_route=\/wp\/v2\/media\/99210"}],"wp:attachment":[{"href":"https:\/\/www.egemtv.com\/index.php?rest_route=%2Fwp%2Fv2%2Fmedia&parent=99209"}],"wp:term":[{"taxonomy":"category","embeddable":true,"href":"https:\/\/www.egemtv.com\/index.php?rest_route=%2Fwp%2Fv2%2Fcategories&post=99209"},{"taxonomy":"post_tag","embeddable":true,"href":"https:\/\/www.egemtv.com\/index.php?rest_route=%2Fwp%2Fv2%2Ftags&post=99209"}],"curies":[{"name":"wp","href":"https:\/\/api.w.org\/{rel}","templated":true}]}}