{"id":99206,"date":"2026-04-26T16:00:46","date_gmt":"2026-04-26T13:00:46","guid":{"rendered":"https:\/\/www.egemtv.com\/?p=99206"},"modified":"2026-04-26T16:00:47","modified_gmt":"2026-04-26T13:00:47","slug":"selendide-haci-adaylari-dualarla-ugurlandi","status":"publish","type":"post","link":"https:\/\/www.egemtv.com\/?p=99206","title":{"rendered":"Selendi\u2019de hac\u0131 adaylar\u0131 dualarla u\u011furland\u0131"},"content":{"rendered":"<p>Manisa\u2019n\u0131n Selendi il\u00e7esinde, 2026 y\u0131l\u0131 hac kuras\u0131nda isimleri \u00e7\u0131kan 27 hac\u0131 aday\u0131, d\u00fczenlenen t\u00f6renle kutsal topraklara u\u011furland\u0131.<br \/>\n<br \/>Selendi Yeni Camii\u2019nde ger\u00e7ekle\u015ftirilen u\u011furlama program\u0131na hac\u0131 adaylar\u0131n\u0131n yak\u0131nlar\u0131 ve \u00e7ok say\u0131da vatanda\u015f kat\u0131ld\u0131. Duygusal anlar\u0131n ya\u015fand\u0131\u011f\u0131 t\u00f6rende, Kur\u2019an-\u0131 Kerim tilaveti ve yap\u0131lan dualar e\u015fli\u011finde hac\u0131 adaylar\u0131 yolcu edildi.<br \/>\n<br \/>Selendi \u0130l\u00e7e M\u00fcft\u00fcs\u00fc Dervi\u015f Makas, t\u00f6rende yapt\u0131\u011f\u0131 konu\u015fmada hac ibadetinin \u00f6nemine de\u011finerek, hac\u0131 adaylar\u0131n\u0131n kutsal topraklarda uymas\u0131 gereken kurallar hakk\u0131nda bilgilendirmelerde bulundu. Hac\u0131 adaylar\u0131na hay\u0131rl\u0131 yolculuklar dileyen M\u00fcft\u00fc Makas, ibadetlerinin kabul olmas\u0131 temennisinde bulunarak dua etti. Dualar e\u015fli\u011finde u\u011furlanan hac\u0131 adaylar\u0131n\u0131n, hac vazifelerini tamamlad\u0131ktan sonra 15 Haziran\u2019da Selendi\u2019ye d\u00f6nmeleri bekleniyor. Vatanda\u015flar da hac\u0131 adaylar\u0131n\u0131 tek tek u\u011furlayarak helallik al\u0131rken, duygu dolu anlar ya\u015fand\u0131.<br \/><\/p>\n","protected":false},"excerpt":{"rendered":"<p>Manisa\u2019n\u0131n Selendi il\u00e7esinde, 2026 y\u0131l\u0131 hac kuras\u0131nda isimleri \u00e7\u0131kan 27 hac\u0131 aday\u0131, d\u00fczenlenen t\u00f6renle kutsal topraklara u\u011furland\u0131. Selendi Yeni Camii\u2019nde ger\u00e7ekle\u015ftirilen u\u011furlama program\u0131na hac\u0131 adaylar\u0131n\u0131n yak\u0131nlar\u0131 ve \u00e7ok say\u0131da vatanda\u015f kat\u0131ld\u0131. Duygusal anlar\u0131n ya\u015fand\u0131\u011f\u0131 t\u00f6rende, Kur\u2019an-\u0131 Kerim tilaveti ve yap\u0131lan dualar e\u015fli\u011finde hac\u0131 adaylar\u0131 yolcu edildi. Selendi \u0130l\u00e7e M\u00fcft\u00fcs\u00fc Dervi\u015f Makas, t\u00f6rende yapt\u0131\u011f\u0131 konu\u015fmada hac&#8230;<\/p>\n","protected":false},"author":1,"featured_media":99207,"comment_status":"open","ping_status":"open","sticky":false,"template":"","format":"standard","meta":{"_crdt_document":"","footnotes":""},"categories":[123],"tags":[],"class_list":["post-99206","post","type-post","status-publish","format-standard","has-post-thumbnail","hentry","category-gundem"],"_links":{"self":[{"href":"https:\/\/www.egemtv.com\/index.php?rest_route=\/wp\/v2\/posts\/99206","targetHints":{"allow":["GET"]}}],"collection":[{"href":"https:\/\/www.egemtv.com\/index.php?rest_route=\/wp\/v2\/posts"}],"about":[{"href":"https:\/\/www.egemtv.com\/index.php?rest_route=\/wp\/v2\/types\/post"}],"author":[{"embeddable":true,"href":"https:\/\/www.egemtv.com\/index.php?rest_route=\/wp\/v2\/users\/1"}],"replies":[{"embeddable":true,"href":"https:\/\/www.egemtv.com\/index.php?rest_route=%2Fwp%2Fv2%2Fcomments&post=99206"}],"version-history":[{"count":1,"href":"https:\/\/www.egemtv.com\/index.php?rest_route=\/wp\/v2\/posts\/99206\/revisions"}],"predecessor-version":[{"id":99208,"href":"https:\/\/www.egemtv.com\/index.php?rest_route=\/wp\/v2\/posts\/99206\/revisions\/99208"}],"wp:featuredmedia":[{"embeddable":true,"href":"https:\/\/www.egemtv.com\/index.php?rest_route=\/wp\/v2\/media\/99207"}],"wp:attachment":[{"href":"https:\/\/www.egemtv.com\/index.php?rest_route=%2Fwp%2Fv2%2Fmedia&parent=99206"}],"wp:term":[{"taxonomy":"category","embeddable":true,"href":"https:\/\/www.egemtv.com\/index.php?rest_route=%2Fwp%2Fv2%2Fcategories&post=99206"},{"taxonomy":"post_tag","embeddable":true,"href":"https:\/\/www.egemtv.com\/index.php?rest_route=%2Fwp%2Fv2%2Ftags&post=99206"}],"curies":[{"name":"wp","href":"https:\/\/api.w.org\/{rel}","templated":true}]}}