{"id":99203,"date":"2026-04-26T15:25:56","date_gmt":"2026-04-26T12:25:56","guid":{"rendered":"https:\/\/www.egemtv.com\/?p=99203"},"modified":"2026-04-26T15:25:57","modified_gmt":"2026-04-26T12:25:57","slug":"muglasporda-hedef-final","status":"publish","type":"post","link":"https:\/\/www.egemtv.com\/?p=99203","title":{"rendered":"Mu\u011flaspor\u2019da hedef final"},"content":{"rendered":"<p>Mu\u011flaspor, \u015fampiyonluk yolundaki en kritik engellerden biri olan Play-Off Yar\u0131 Final a\u015famas\u0131na geldi. Ye\u015fil-beyazl\u0131 ekip taraftar\u0131n\u0131 sevince bo\u011fmak ve ad\u0131n\u0131 finale yazd\u0131rmak i\u00e7in sahaya \u00e7\u0131k\u0131yor.<\/p>\n<p>Yar\u0131 finalin ilk aya\u011f\u0131nda Mu\u011flaspor, deplasmanda K\u0131z\u0131lkaya Tar\u0131m \u015eanl\u0131urfaspor ile kar\u015f\u0131 kar\u015f\u0131ya gelecek. 30 Nisan Per\u015fembe g\u00fcn\u00fc Saat 20.00\u2019da \u015fanl\u0131urfa Stad\u0131\u2019nda oynanacak. Zorlu m\u00fccadelenin r\u00f6van\u015f\u0131 ise kendi evinde Mu\u011fla\u2019n\u0131n kalbinde oynanacak. Final biletinin sahibini bulaca\u011f\u0131 b\u00fcy\u00fck bulu\u015fma i\u00e7in geri say\u0131m ba\u015flad\u0131. 4 May\u0131s Pazartesi g\u00fcn\u00fc Mu\u011fla Atat\u00fcrk Stadyumunda final kar\u015f\u0131la\u015fmas\u0131 oynanacak.<br \/><\/p>\n","protected":false},"excerpt":{"rendered":"<p>Mu\u011flaspor, \u015fampiyonluk yolundaki en kritik engellerden biri olan Play-Off Yar\u0131 Final a\u015famas\u0131na geldi. Ye\u015fil-beyazl\u0131 ekip taraftar\u0131n\u0131 sevince bo\u011fmak ve ad\u0131n\u0131 finale yazd\u0131rmak i\u00e7in sahaya \u00e7\u0131k\u0131yor. Yar\u0131 finalin ilk aya\u011f\u0131nda Mu\u011flaspor, deplasmanda K\u0131z\u0131lkaya Tar\u0131m \u015eanl\u0131urfaspor ile kar\u015f\u0131 kar\u015f\u0131ya gelecek. 30 Nisan Per\u015fembe g\u00fcn\u00fc Saat 20.00\u2019da \u015fanl\u0131urfa Stad\u0131\u2019nda oynanacak. Zorlu m\u00fccadelenin r\u00f6van\u015f\u0131 ise kendi evinde Mu\u011fla\u2019n\u0131n kalbinde&#8230;<\/p>\n","protected":false},"author":1,"featured_media":99204,"comment_status":"open","ping_status":"open","sticky":false,"template":"","format":"standard","meta":{"_crdt_document":"","footnotes":""},"categories":[4],"tags":[],"class_list":["post-99203","post","type-post","status-publish","format-standard","has-post-thumbnail","hentry","category-spor"],"_links":{"self":[{"href":"https:\/\/www.egemtv.com\/index.php?rest_route=\/wp\/v2\/posts\/99203","targetHints":{"allow":["GET"]}}],"collection":[{"href":"https:\/\/www.egemtv.com\/index.php?rest_route=\/wp\/v2\/posts"}],"about":[{"href":"https:\/\/www.egemtv.com\/index.php?rest_route=\/wp\/v2\/types\/post"}],"author":[{"embeddable":true,"href":"https:\/\/www.egemtv.com\/index.php?rest_route=\/wp\/v2\/users\/1"}],"replies":[{"embeddable":true,"href":"https:\/\/www.egemtv.com\/index.php?rest_route=%2Fwp%2Fv2%2Fcomments&post=99203"}],"version-history":[{"count":1,"href":"https:\/\/www.egemtv.com\/index.php?rest_route=\/wp\/v2\/posts\/99203\/revisions"}],"predecessor-version":[{"id":99205,"href":"https:\/\/www.egemtv.com\/index.php?rest_route=\/wp\/v2\/posts\/99203\/revisions\/99205"}],"wp:featuredmedia":[{"embeddable":true,"href":"https:\/\/www.egemtv.com\/index.php?rest_route=\/wp\/v2\/media\/99204"}],"wp:attachment":[{"href":"https:\/\/www.egemtv.com\/index.php?rest_route=%2Fwp%2Fv2%2Fmedia&parent=99203"}],"wp:term":[{"taxonomy":"category","embeddable":true,"href":"https:\/\/www.egemtv.com\/index.php?rest_route=%2Fwp%2Fv2%2Fcategories&post=99203"},{"taxonomy":"post_tag","embeddable":true,"href":"https:\/\/www.egemtv.com\/index.php?rest_route=%2Fwp%2Fv2%2Ftags&post=99203"}],"curies":[{"name":"wp","href":"https:\/\/api.w.org\/{rel}","templated":true}]}}