{"id":99200,"date":"2026-04-26T15:25:55","date_gmt":"2026-04-26T12:25:55","guid":{"rendered":"https:\/\/www.egemtv.com\/?p=99200"},"modified":"2026-04-26T15:25:56","modified_gmt":"2026-04-26T12:25:56","slug":"aydinda-otel-personeline-afet-farkindalik-egitimi-ve-tatbikat","status":"publish","type":"post","link":"https:\/\/www.egemtv.com\/?p=99200","title":{"rendered":"Ayd\u0131n\u2019da otel personeline afet fark\u0131ndal\u0131k e\u011fitimi ve tatbikat"},"content":{"rendered":"<p>AFAD Ayd\u0131n \u0130l M\u00fcd\u00fcrl\u00fc\u011f\u00fc taraf\u0131ndan turizm sekt\u00f6r\u00fcnde g\u00f6rev yapan personele y\u00f6nelik afet fark\u0131ndal\u0131k e\u011fitimi ile acil durum ekipleri e\u011fitimi d\u00fczenlendi. E\u011fitim kapsam\u0131nda ayr\u0131ca ger\u00e7e\u011fini aratmayan bir tahliye tatbikat\u0131 ger\u00e7ekle\u015ftirildi.<\/p>\n<p>Didim il\u00e7esinde ger\u00e7ekle\u015ftirilen e\u011fitim program\u0131nda, afet \u00f6ncesi, an\u0131 ve sonras\u0131nda yap\u0131lmas\u0131 gerekenler detayl\u0131 \u015fekilde ele al\u0131nd\u0131. AFAD e\u011fitmenleri taraf\u0131ndan verilen e\u011fitimlerde, \u00f6zellikle yang\u0131n, deprem ve di\u011fer acil durumlara kar\u015f\u0131 al\u0131nmas\u0131 gereken \u00f6nlemler ile do\u011fru m\u00fcdahale y\u00f6ntemleri anlat\u0131ld\u0131. Kat\u0131l\u0131mc\u0131lara, kriz anlar\u0131nda so\u011fukkanl\u0131 hareket edilmesinin ve do\u011fru ileti\u015fimin hayati \u00f6nem ta\u015f\u0131d\u0131\u011f\u0131 vurguland\u0131 Teorik bilgilerin yan\u0131 s\u0131ra uygulamal\u0131 e\u011fitimlerin de yer ald\u0131\u011f\u0131 programda, acil durum ekiplerinin g\u00f6rev ve sorumluluklar\u0131 hakk\u0131nda kapsaml\u0131 bilgilendirme yap\u0131ld\u0131. Bir afet durumunda ekipler aras\u0131 koordinasyonun nas\u0131l sa\u011flanaca\u011f\u0131, tahliye planlar\u0131n\u0131n nas\u0131l uygulanaca\u011f\u0131 ve misafirlerin g\u00fcvenli \u015fekilde nas\u0131l y\u00f6nlendirilece\u011fi detaylar\u0131yla aktar\u0131ld\u0131. E\u011fitimlerin ard\u0131ndan ger\u00e7ekle\u015ftirilen tahliye tatbikat\u0131nda ise senaryo gere\u011fi acil durum alarm\u0131n\u0131n verilmesiyle birlikte personel h\u0131zl\u0131 bir \u015fekilde harekete ge\u00e7ti. Belirlenen toplanma alanlar\u0131na y\u00f6nlendirilen kat\u0131l\u0131mc\u0131lar\u0131n, e\u011fitimlerde aktar\u0131lan bilgileri sahada ba\u015far\u0131yla uygulad\u0131\u011f\u0131 g\u00f6zlemlendi.<\/p>\n<p>Yetkililer, bu t\u00fcr e\u011fitim ve tatbikatlar\u0131n, \u00f6zellikle yo\u011fun insan sirk\u00fclasyonunun oldu\u011fu turizm tesislerinde riskleri en aza indirmek a\u00e7\u0131s\u0131ndan b\u00fcy\u00fck \u00f6nem ta\u015f\u0131d\u0131\u011f\u0131n\u0131 belirtti. AFAD Ayd\u0131n \u0130l M\u00fcd\u00fcrl\u00fc\u011f\u00fc\u2019n\u00fcn, toplumun farkl\u0131 kesimlerine y\u00f6nelik bilin\u00e7lendirme faaliyetlerine aral\u0131ks\u0131z devam edece\u011fi ifade edildi.<br \/><\/p>\n","protected":false},"excerpt":{"rendered":"<p>AFAD Ayd\u0131n \u0130l M\u00fcd\u00fcrl\u00fc\u011f\u00fc taraf\u0131ndan turizm sekt\u00f6r\u00fcnde g\u00f6rev yapan personele y\u00f6nelik afet fark\u0131ndal\u0131k e\u011fitimi ile acil durum ekipleri e\u011fitimi d\u00fczenlendi. E\u011fitim kapsam\u0131nda ayr\u0131ca ger\u00e7e\u011fini aratmayan bir tahliye tatbikat\u0131 ger\u00e7ekle\u015ftirildi. Didim il\u00e7esinde ger\u00e7ekle\u015ftirilen e\u011fitim program\u0131nda, afet \u00f6ncesi, an\u0131 ve sonras\u0131nda yap\u0131lmas\u0131 gerekenler detayl\u0131 \u015fekilde ele al\u0131nd\u0131. AFAD e\u011fitmenleri taraf\u0131ndan verilen e\u011fitimlerde, \u00f6zellikle yang\u0131n, deprem ve di\u011fer&#8230;<\/p>\n","protected":false},"author":1,"featured_media":99201,"comment_status":"open","ping_status":"open","sticky":false,"template":"","format":"standard","meta":{"_crdt_document":"","footnotes":""},"categories":[1],"tags":[],"class_list":["post-99200","post","type-post","status-publish","format-standard","has-post-thumbnail","hentry","category-guncel"],"_links":{"self":[{"href":"https:\/\/www.egemtv.com\/index.php?rest_route=\/wp\/v2\/posts\/99200","targetHints":{"allow":["GET"]}}],"collection":[{"href":"https:\/\/www.egemtv.com\/index.php?rest_route=\/wp\/v2\/posts"}],"about":[{"href":"https:\/\/www.egemtv.com\/index.php?rest_route=\/wp\/v2\/types\/post"}],"author":[{"embeddable":true,"href":"https:\/\/www.egemtv.com\/index.php?rest_route=\/wp\/v2\/users\/1"}],"replies":[{"embeddable":true,"href":"https:\/\/www.egemtv.com\/index.php?rest_route=%2Fwp%2Fv2%2Fcomments&post=99200"}],"version-history":[{"count":1,"href":"https:\/\/www.egemtv.com\/index.php?rest_route=\/wp\/v2\/posts\/99200\/revisions"}],"predecessor-version":[{"id":99202,"href":"https:\/\/www.egemtv.com\/index.php?rest_route=\/wp\/v2\/posts\/99200\/revisions\/99202"}],"wp:featuredmedia":[{"embeddable":true,"href":"https:\/\/www.egemtv.com\/index.php?rest_route=\/wp\/v2\/media\/99201"}],"wp:attachment":[{"href":"https:\/\/www.egemtv.com\/index.php?rest_route=%2Fwp%2Fv2%2Fmedia&parent=99200"}],"wp:term":[{"taxonomy":"category","embeddable":true,"href":"https:\/\/www.egemtv.com\/index.php?rest_route=%2Fwp%2Fv2%2Fcategories&post=99200"},{"taxonomy":"post_tag","embeddable":true,"href":"https:\/\/www.egemtv.com\/index.php?rest_route=%2Fwp%2Fv2%2Ftags&post=99200"}],"curies":[{"name":"wp","href":"https:\/\/api.w.org\/{rel}","templated":true}]}}