{"id":99194,"date":"2026-04-26T14:15:44","date_gmt":"2026-04-26T11:15:44","guid":{"rendered":"https:\/\/www.egemtv.com\/?p=99194"},"modified":"2026-04-26T14:15:45","modified_gmt":"2026-04-26T11:15:45","slug":"demirci-2-el-oto-pazari-kapilarini-acti","status":"publish","type":"post","link":"https:\/\/www.egemtv.com\/?p=99194","title":{"rendered":"Demirci 2. El Oto Pazar\u0131 kap\u0131lar\u0131n\u0131 a\u00e7t\u0131"},"content":{"rendered":"<p>Manisa\u2019n\u0131n Demirci il\u00e7esinde belediye taraf\u0131ndan hayata ge\u00e7irilen 2. El Oto Pazar\u0131, ilk g\u00fcn\u00fcnde yo\u011fun kat\u0131l\u0131mla kap\u0131lar\u0131n\u0131 a\u00e7t\u0131. \u00c7evre il ve il\u00e7elerden gelen vatanda\u015flar ve galerici esnaf\u0131n\u0131n ak\u0131n etti\u011fi pazar, b\u00f6lgenin yeni ticaret merkezi olma yolunda \u00f6nemli bir ad\u0131m att\u0131.<br \/>\n<br \/>Demirci Belediyesi\u2019nin il\u00e7eye ekonomik hareketlilik kazand\u0131rmak amac\u0131yla hayata ge\u00e7irdi\u011fi proje kapsam\u0131nda, a\u00e7\u0131k pazaryeri alan\u0131 2. El Oto Pazar\u0131 olarak hizmete sunuldu. Vatanda\u015flar\u0131n ara\u00e7 al\u0131m-sat\u0131m i\u015flemlerini daha d\u00fczenli ve profesyonel bir ortamda ger\u00e7ekle\u015ftirmesini ama\u00e7layan pazarda, ilk g\u00fcn adeta izdiham ya\u015fand\u0131.<\/p>\n<p>Kom\u015fu il ve il\u00e7eler Demirci\u2019de bulu\u015ftu<br \/>\n<br \/>\u0130l\u00e7ede bir ilk olma \u00f6zelli\u011fi ta\u015f\u0131yan pazara yaln\u0131zca Demirci\u2019den de\u011fil; Selendi, G\u00f6rdes, K\u00f6pr\u00fcba\u015f\u0131 gibi Manisa il\u00e7elerinin yan\u0131 s\u0131ra Bal\u0131kesir\u2019in S\u0131nd\u0131rg\u0131 ve K\u00fctahya\u2019n\u0131n Simav il\u00e7elerinden de \u00e7ok say\u0131da vatanda\u015f kat\u0131ld\u0131. Geni\u015f bir co\u011frafyaya hitap eden pazar, b\u00f6lgedeki ikinci el ara\u00e7 ticaretinin yeni merkezi olarak \u00f6ne \u00e7\u0131kt\u0131.<br \/>\n<br \/>Demirci Belediyesi Zab\u0131ta M\u00fcd\u00fcrl\u00fc\u011f\u00fc ekipleri, pazarda standardizasyonu sa\u011flamak amac\u0131yla ara\u00e7 sahiplerine \u00fczerinde marka, model, kilometre, takas ve vade se\u00e7eneklerinin yer ald\u0131\u011f\u0131 bilgi kartlar\u0131 da\u011f\u0131tt\u0131. Ara\u00e7lar\u0131n camlar\u0131na as\u0131lan bu kartlar sayesinde al\u0131c\u0131lar i\u00e7in daha \u015feffaf bir al\u0131\u015fveri\u015f ortam\u0131 olu\u015fturuldu.<br \/>\n<br \/>Demirci \u0130l\u00e7e Emniyet M\u00fcd\u00fcrl\u00fc\u011f\u00fc ekipleri de pazar alan\u0131nda devriye gezerek g\u00fcvenli\u011fi sa\u011flad\u0131. Vatanda\u015flara doland\u0131r\u0131c\u0131l\u0131k olaylar\u0131na kar\u015f\u0131 uyar\u0131larda bulunan ekipler, bilgilendirici bro\u015f\u00fcrler da\u011f\u0131tt\u0131.<\/p>\n<p>&#8220;\u0130l\u00e7emize ekonomik dinamizm kazand\u0131raca\u011f\u0131z&#8221;<br \/>\n<br \/>Demirci Belediye Ba\u015fkan\u0131 Erkan Kara, AK Parti \u0130l\u00e7e Ba\u015fkan\u0131 Nurullah Akg\u00fcn ve MHP \u0130l\u00e7e Ba\u015fkan\u0131 \u00dcmit Kany\u0131lmaz ile birlikte pazar alan\u0131n\u0131 ziyaret ederek incelemelerde bulundu. Vatanda\u015flarla sohbet eden Ba\u015fkan Kara, sat\u0131c\u0131 ve al\u0131c\u0131lar\u0131n taleplerini dinledi.<br \/>\n<br \/>Ba\u015fkan Kara yapt\u0131\u011f\u0131 a\u00e7\u0131klamada, &#8220;\u0130l\u00e7emizde \u00f6nemli bir eksikli\u011fi daha gidererek 2. El Oto Pazar\u0131\u2019n\u0131 hizmete a\u00e7t\u0131k. Amac\u0131m\u0131z vatanda\u015flar\u0131m\u0131z\u0131n g\u00fcvenli ve d\u00fczenli bir ortamda ticaret yapmas\u0131n\u0131 sa\u011flamak. Kat\u0131l\u0131m\u0131n bu denli yo\u011fun olmas\u0131 bizleri memnun etti. T\u00fcm esnaf\u0131m\u0131za hay\u0131rl\u0131 ve bereketli kazan\u00e7lar diliyorum&#8221; dedi.<br \/>\n<br \/>Demirci \u015eof\u00f6rler ve Otomobilciler Odas\u0131 Ba\u015fkan\u0131 \u0130rfan Aksu ise pazar\u0131n il\u00e7e ekonomisine katk\u0131 sa\u011flayaca\u011f\u0131n\u0131 belirterek, &#8220;Bu organizasyon il\u00e7emizde ticari hareketlili\u011fi art\u0131racak \u00f6nemli bir ad\u0131m oldu&#8221; diye konu\u015ftu.<br \/>\n<br \/>G\u00f6rdes\u2019ten gelen vatanda\u015flardan Cengiz \u00c7akmak da pazar\u0131n konum avantaj\u0131na dikkat \u00e7ekerek, &#8220;Bir\u00e7ok il\u00e7enin ortas\u0131nda yer al\u0131yor. Her hafta kurulmas\u0131 b\u00f6lge ekonomisine ciddi katk\u0131 sa\u011flar&#8221; ifadelerini kulland\u0131.<br \/>\n<br \/>\u0130lk g\u00fcn\u00fcnde \u00e7ok say\u0131da ara\u00e7 sat\u0131\u015f\u0131n\u0131n ve takas i\u015fleminin ger\u00e7ekle\u015ftirildi\u011fi Demirci 2. El Oto Pazar\u0131\u2019n\u0131n, \u00f6n\u00fcm\u00fczdeki s\u00fcre\u00e7te her hafta pazar g\u00fcnleri d\u00fczenli olarak kurulmas\u0131 ve b\u00f6lgedeki ticari sirk\u00fclasyonu art\u0131r\u0131lmas\u0131n\u0131n hedeflendi\u011fi \u00f6\u011frenildi.<br \/><\/p>\n","protected":false},"excerpt":{"rendered":"<p>Manisa\u2019n\u0131n Demirci il\u00e7esinde belediye taraf\u0131ndan hayata ge\u00e7irilen 2. El Oto Pazar\u0131, ilk g\u00fcn\u00fcnde yo\u011fun kat\u0131l\u0131mla kap\u0131lar\u0131n\u0131 a\u00e7t\u0131. \u00c7evre il ve il\u00e7elerden gelen vatanda\u015flar ve galerici esnaf\u0131n\u0131n ak\u0131n etti\u011fi pazar, b\u00f6lgenin yeni ticaret merkezi olma yolunda \u00f6nemli bir ad\u0131m att\u0131. Demirci Belediyesi\u2019nin il\u00e7eye ekonomik hareketlilik kazand\u0131rmak amac\u0131yla hayata ge\u00e7irdi\u011fi proje kapsam\u0131nda, a\u00e7\u0131k pazaryeri alan\u0131 2. El&#8230;<\/p>\n","protected":false},"author":1,"featured_media":99195,"comment_status":"open","ping_status":"open","sticky":false,"template":"","format":"standard","meta":{"_crdt_document":"","footnotes":""},"categories":[125],"tags":[],"class_list":["post-99194","post","type-post","status-publish","format-standard","has-post-thumbnail","hentry","category-ekonomi"],"_links":{"self":[{"href":"https:\/\/www.egemtv.com\/index.php?rest_route=\/wp\/v2\/posts\/99194","targetHints":{"allow":["GET"]}}],"collection":[{"href":"https:\/\/www.egemtv.com\/index.php?rest_route=\/wp\/v2\/posts"}],"about":[{"href":"https:\/\/www.egemtv.com\/index.php?rest_route=\/wp\/v2\/types\/post"}],"author":[{"embeddable":true,"href":"https:\/\/www.egemtv.com\/index.php?rest_route=\/wp\/v2\/users\/1"}],"replies":[{"embeddable":true,"href":"https:\/\/www.egemtv.com\/index.php?rest_route=%2Fwp%2Fv2%2Fcomments&post=99194"}],"version-history":[{"count":1,"href":"https:\/\/www.egemtv.com\/index.php?rest_route=\/wp\/v2\/posts\/99194\/revisions"}],"predecessor-version":[{"id":99196,"href":"https:\/\/www.egemtv.com\/index.php?rest_route=\/wp\/v2\/posts\/99194\/revisions\/99196"}],"wp:featuredmedia":[{"embeddable":true,"href":"https:\/\/www.egemtv.com\/index.php?rest_route=\/wp\/v2\/media\/99195"}],"wp:attachment":[{"href":"https:\/\/www.egemtv.com\/index.php?rest_route=%2Fwp%2Fv2%2Fmedia&parent=99194"}],"wp:term":[{"taxonomy":"category","embeddable":true,"href":"https:\/\/www.egemtv.com\/index.php?rest_route=%2Fwp%2Fv2%2Fcategories&post=99194"},{"taxonomy":"post_tag","embeddable":true,"href":"https:\/\/www.egemtv.com\/index.php?rest_route=%2Fwp%2Fv2%2Ftags&post=99194"}],"curies":[{"name":"wp","href":"https:\/\/api.w.org\/{rel}","templated":true}]}}