{"id":99191,"date":"2026-04-26T13:40:51","date_gmt":"2026-04-26T10:40:51","guid":{"rendered":"https:\/\/www.egemtv.com\/?p=99191"},"modified":"2026-04-26T13:40:52","modified_gmt":"2026-04-26T10:40:52","slug":"yenipazarda-ustyapi-atagi-parke-taslari-yenileniyor","status":"publish","type":"post","link":"https:\/\/www.egemtv.com\/?p=99191","title":{"rendered":"Yenipazar\u2019da \u00fcstyap\u0131 ata\u011f\u0131: Parke ta\u015flar\u0131 yenileniyor"},"content":{"rendered":"<p>Ayd\u0131n\u2019\u0131n Yenipazar il\u00e7esinde bozulan ve y\u0131pranan sokaklar\u0131n yenilenmesi amac\u0131yla ba\u015flat\u0131lan parke ta\u015f\u0131 d\u00f6\u015feme \u00e7al\u0131\u015fmalar\u0131 h\u0131z kesmeden devam ediyor.<\/p>\n<p>Yenipazar Belediye Ba\u015fkan\u0131 Malik Ercan, Ayd\u0131n B\u00fcy\u00fck\u015fehir Belediyesi ile koordineli \u015fekilde y\u00fcr\u00fct\u00fclen \u00e7al\u0131\u015fmalar kapsam\u0131nda il\u00e7e genelinde \u00fcstyap\u0131 yenilemelerinin s\u00fcrd\u00fc\u011f\u00fcn\u00fc belirtti. \u00c7ar\u015f\u0131 ve Yeni Mahalle\u2019de devam eden \u00e7al\u0131\u015fmalar \u00e7er\u00e7evesinde, kullan\u0131m \u00f6mr\u00fcn\u00fc tamamlayan parke ta\u015flar\u0131n\u0131n s\u00f6k\u00fclerek yerine yenilerinin d\u00f6\u015fendi\u011fi ifade etti. \u00c7al\u0131\u015fmalar\u0131n planl\u0131 bir \u015fekilde ilerledi\u011fini kaydeden Ercan, &#8220;Ayd\u0131n B\u00fcy\u00fck\u015fehir Belediyemiz ve Yenipazar Belediyemiz birlikte uyum i\u00e7erisinde g\u00fc\u00e7l\u00fc bir \u015fekilde \u00e7al\u0131\u015fmalar\u0131na devam etmektedir. \u00c7ar\u015f\u0131 ve Yeni Mahallelerimizde \u00e7al\u0131\u015fmalar\u0131m\u0131z s\u00fcr\u00fcyor. Sokaklar\u0131m\u0131zda bozulan ve y\u0131pranan parke ta\u015flar\u0131n\u0131n s\u00f6k\u00fcm\u00fcn\u00fcn ard\u0131ndan yeni parke d\u00f6\u015femelerimiz devam ediyor&#8221; dedi.<\/p>\n<p>Desteklerinden dolay\u0131 Ayd\u0131n B\u00fcy\u00fck\u015fehir Belediye Ba\u015fkan\u0131 \u00d6zlem \u00c7er\u00e7io\u011flu\u2019na te\u015fekk\u00fcr eden Ercan, il\u00e7enin daha modern ve kullan\u0131\u015fl\u0131 bir g\u00f6r\u00fcn\u00fcme kavu\u015fmas\u0131 i\u00e7in \u00e7al\u0131\u015fmalar\u0131n aral\u0131ks\u0131z s\u00fcrece\u011fini vurgulad\u0131.<br \/><\/p>\n","protected":false},"excerpt":{"rendered":"<p>Ayd\u0131n\u2019\u0131n Yenipazar il\u00e7esinde bozulan ve y\u0131pranan sokaklar\u0131n yenilenmesi amac\u0131yla ba\u015flat\u0131lan parke ta\u015f\u0131 d\u00f6\u015feme \u00e7al\u0131\u015fmalar\u0131 h\u0131z kesmeden devam ediyor. Yenipazar Belediye Ba\u015fkan\u0131 Malik Ercan, Ayd\u0131n B\u00fcy\u00fck\u015fehir Belediyesi ile koordineli \u015fekilde y\u00fcr\u00fct\u00fclen \u00e7al\u0131\u015fmalar kapsam\u0131nda il\u00e7e genelinde \u00fcstyap\u0131 yenilemelerinin s\u00fcrd\u00fc\u011f\u00fcn\u00fc belirtti. \u00c7ar\u015f\u0131 ve Yeni Mahalle\u2019de devam eden \u00e7al\u0131\u015fmalar \u00e7er\u00e7evesinde, kullan\u0131m \u00f6mr\u00fcn\u00fc tamamlayan parke ta\u015flar\u0131n\u0131n s\u00f6k\u00fclerek yerine yenilerinin d\u00f6\u015fendi\u011fi&#8230;<\/p>\n","protected":false},"author":1,"featured_media":99192,"comment_status":"open","ping_status":"open","sticky":false,"template":"","format":"standard","meta":{"_crdt_document":"","footnotes":""},"categories":[1],"tags":[],"class_list":["post-99191","post","type-post","status-publish","format-standard","has-post-thumbnail","hentry","category-guncel"],"_links":{"self":[{"href":"https:\/\/www.egemtv.com\/index.php?rest_route=\/wp\/v2\/posts\/99191","targetHints":{"allow":["GET"]}}],"collection":[{"href":"https:\/\/www.egemtv.com\/index.php?rest_route=\/wp\/v2\/posts"}],"about":[{"href":"https:\/\/www.egemtv.com\/index.php?rest_route=\/wp\/v2\/types\/post"}],"author":[{"embeddable":true,"href":"https:\/\/www.egemtv.com\/index.php?rest_route=\/wp\/v2\/users\/1"}],"replies":[{"embeddable":true,"href":"https:\/\/www.egemtv.com\/index.php?rest_route=%2Fwp%2Fv2%2Fcomments&post=99191"}],"version-history":[{"count":1,"href":"https:\/\/www.egemtv.com\/index.php?rest_route=\/wp\/v2\/posts\/99191\/revisions"}],"predecessor-version":[{"id":99193,"href":"https:\/\/www.egemtv.com\/index.php?rest_route=\/wp\/v2\/posts\/99191\/revisions\/99193"}],"wp:featuredmedia":[{"embeddable":true,"href":"https:\/\/www.egemtv.com\/index.php?rest_route=\/wp\/v2\/media\/99192"}],"wp:attachment":[{"href":"https:\/\/www.egemtv.com\/index.php?rest_route=%2Fwp%2Fv2%2Fmedia&parent=99191"}],"wp:term":[{"taxonomy":"category","embeddable":true,"href":"https:\/\/www.egemtv.com\/index.php?rest_route=%2Fwp%2Fv2%2Fcategories&post=99191"},{"taxonomy":"post_tag","embeddable":true,"href":"https:\/\/www.egemtv.com\/index.php?rest_route=%2Fwp%2Fv2%2Ftags&post=99191"}],"curies":[{"name":"wp","href":"https:\/\/api.w.org\/{rel}","templated":true}]}}