{"id":99188,"date":"2026-04-26T13:40:50","date_gmt":"2026-04-26T10:40:50","guid":{"rendered":"https:\/\/www.egemtv.com\/?p=99188"},"modified":"2026-04-26T13:40:51","modified_gmt":"2026-04-26T10:40:51","slug":"kasapoglu-demokrasi-fikrin-sozun-ve-dusuncenin-agirligina-duyulan-saygidir","status":"publish","type":"post","link":"https:\/\/www.egemtv.com\/?p=99188","title":{"rendered":"Kasapo\u011flu: &#8220;Demokrasi; fikrin, s\u00f6z\u00fcn ve d\u00fc\u015f\u00fcncenin a\u011f\u0131rl\u0131\u011f\u0131na duyulan sayg\u0131d\u0131r&#8221;"},"content":{"rendered":"<p>\u00d6nceki d\u00f6nem Gen\u00e7lik ve Spor Bakan\u0131, AK Parti \u0130zmir Milletvekili Dr. Mehmet Kasapo\u011flu, \u015eehit \u00d6mer Halisdemir K\u0131z Anadolu \u0130mam Hatip Lisesi \u2019Halisdemir Meclis Sim\u00fclasyonu\u2019nun a\u00e7\u0131l\u0131\u015f konu\u015fmas\u0131n\u0131 ger\u00e7ekle\u015ftirdi. Kasapo\u011flu konu\u015fmas\u0131nda, &#8220;Demokrasi; fikrin, s\u00f6z\u00fcn ve d\u00fc\u015f\u00fcncenin a\u011f\u0131rl\u0131\u011f\u0131na duyulan sayg\u0131d\u0131r&#8221; ifadelerini kulland\u0131.<br \/>\n<br \/>\u0130zmir \u0130l Milli E\u011fitim M\u00fcd\u00fcrl\u00fc\u011f\u00fc ve \u015eehit \u00d6mer Halisdemir K\u0131z Anadolu \u0130mam Hatip Lisesi koordinasyonunda, T\u00fcrkiye\u2019nin d\u00f6rt bir yan\u0131ndan gelen \u00f6\u011frencilerin kat\u0131l\u0131m\u0131yla ger\u00e7ekle\u015ftirilen Meclis Sim\u00fclasyonu program\u0131 kapsam\u0131nda \u0130zmir\u2019de gen\u00e7lerle bir araya gelen Kasapo\u011flu, \u2019Halisdemir\u2019 ismi ile \u2019Meclis\u2019i bir arada d\u00fc\u015f\u00fcnd\u00fc\u011f\u00fcnde bir ba\u015fka mana g\u00f6rd\u00fc\u011f\u00fcn\u00fc, de\u011ferli \u015fehidimizin meydan okudu\u011fu hain darbe giri\u015fiminin millete, devlete ve meclise kar\u015f\u0131 oldu\u011funu, bu y\u00fczden bu sim\u00fclasyonun milli iradenin tecellig\u00e2h\u0131 meclisimizle ba\u011fda\u015ft\u0131r\u0131lmas\u0131n\u0131n \u00f6zel bir anlam ta\u015f\u0131d\u0131\u011f\u0131n\u0131 belirtti.<br \/>\n<br \/>Dr. Kasapo\u011flu konu\u015fmas\u0131n\u0131n devam\u0131nda, &#8220;Bu y\u0131l T\u00fcrkiye B\u00fcy\u00fck Millet Meclisi\u2019nin kurulu\u015funun 106. y\u0131l d\u00f6n\u00fcm\u00fcn\u00fc idrak ettik. Bu vesileyle, Cumhuriyetimizin banisi Gazi Mustafa Kemal Atat\u00fcrk\u2019\u00fc, silah arkada\u015flar\u0131n\u0131, demokrasimizi bu g\u00fcnlere getiren t\u00fcm kahramanlar\u0131m\u0131z\u0131 rahmet ve minnetle an\u0131yorum. Bizim binlerce y\u0131ll\u0131k devlet gelene\u011fimizin, medeniyet kodlar\u0131m\u0131z\u0131n tam merkezinde her zaman \u2019isti\u015fare\u2019 k\u00fclt\u00fcr\u00fc vard\u0131r. Bizler, \u2019dan\u0131\u015fan da\u011f\u0131 a\u015fm\u0131\u015f, dan\u0131\u015fmayan d\u00fcz yolda \u015fa\u015fm\u0131\u015f\u2019 diyen k\u00f6kl\u00fc bir k\u00fclt\u00fcr\u00fc bar\u0131nd\u0131r\u0131yoruz. Farkl\u0131 fikirlerin bir araya gelmesinden do\u011fan o muazzam g\u00fcce, ortak akl\u0131n \u0131\u015f\u0131\u011f\u0131na inanan bir milletiz. Fakl\u0131 fikirlerden asla korkmay\u0131n. Unutmay\u0131n isti\u015fare bizi g\u00fc\u00e7lendirir. Sizler burada 106 y\u0131ll\u0131k o b\u00fcy\u00fck meclis gelene\u011finin sadece birer sim\u00fclasyonunu yapm\u0131yorsunuz. Sizler asl\u0131nda bu milletin isti\u015fare k\u00fclt\u00fcr\u00fcn\u00fc, o k\u00f6kl\u00fc demokrasi gelene\u011fini yar\u0131na ta\u015f\u0131yaca\u011f\u0131n\u0131z\u0131n, onu \u00e7ok daha ileri noktalara g\u00f6t\u00fcrece\u011finizin provas\u0131n\u0131 yap\u0131yorsunuz. Peki, nedir demokrasi? Sadece sand\u0131\u011fa gidip oy kullanmak ve o oylar\u0131n say\u0131ld\u0131\u011f\u0131 bir matematik hesab\u0131 m\u0131d\u0131r? Demokrasi her \u015feyden \u00f6nce bir tahamm\u00fcl sanat\u0131d\u0131r. Farkl\u0131l\u0131\u011fa, kar\u015f\u0131 g\u00f6r\u00fc\u015fe tahamm\u00fcld\u00fcr. Demokrasi; fikrin, s\u00f6z\u00fcn ve d\u00fc\u015f\u00fcncenin a\u011f\u0131rl\u0131\u011f\u0131na duyulan sayg\u0131d\u0131r. Sizinle taban tabana z\u0131t d\u00fc\u015fen, sizin do\u011frular\u0131n\u0131z\u0131 temelden sarsan bir fikri duydu\u011funuzda dahi, o fikrin dile getirilme hakk\u0131n\u0131 sonuna kadar savunabilme erdemidir. \u0130fade etmesine duyulan sayg\u0131d\u0131r. Bug\u00fcn burada birazdan kendi komisyonlar\u0131n\u0131za da\u011f\u0131lacaks\u0131n\u0131z. Konu\u015faca\u011f\u0131n\u0131z konular bug\u00fcn d\u00fcnyada koskoca parlamentolar\u0131n, uluslararas\u0131 mahkemelerin, akademisyenlerin tart\u0131\u015ft\u0131\u011f\u0131 konulard\u0131r&#8221; dedi.<br \/>\n<br \/>Kasapo\u011flu konu\u015fmas\u0131n\u0131n son b\u00f6l\u00fcm\u00fcnde, &#8220;Vakti iyi de\u011ferlendiren bireyler olarak zaman\u0131m\u0131z\u0131 \u00e7almak isteyen pek \u00e7ok tehdit var. En ba\u015fta internet ve sanal alem. Onlara meydan okuyarak kitapla, ilimle, irfanla, sporla sanatla, k\u00fclt\u00fcrle kendimizi geli\u015ftirmemiz gerekiyor. Bug\u00fcn buraday\u0131z, yar\u0131n daha g\u00fc\u00e7l\u00fc olmam\u0131z i\u00e7in vaktimizi bu unsurlarla de\u011ferlendirmeliyiz. Zaman\u0131m\u0131z\u0131 bir sanat\u00e7\u0131 ruhuyla d\u00fczenleyip, sanatla, k\u00fclt\u00fcrle, sporla, kitap, dostluklar ve arkada\u015fl\u0131klarla yo\u011furmam\u0131z gerekiyor. \u015eehit \u00d6mer Halisdemir\u2019in ad\u0131n\u0131 ta\u015f\u0131yan bu g\u00fczel okulda, o kahraman\u0131n vatan\u0131 i\u00e7in g\u00f6z\u00fcn\u00fc k\u0131rpmadan ortaya koydu\u011fu iradenin g\u00f6lgesinde birazdan ben de o meclis koridorlar\u0131na, komisyon odalar\u0131n\u0131za gelece\u011fim. Hepinize verimli, bol tart\u0131\u015fmal\u0131, ufku a\u00e7\u0131k bir meclis sim\u00fclasyonu diliyor; sizleri sevgiyle, sayg\u0131yla ve en kalbi muhabbetlerimle selaml\u0131yorum. Yolunuz, baht\u0131n\u0131z, zihniniz a\u00e7\u0131k olsun&#8221; ifadelerini kulland\u0131.<br \/><\/p>\n","protected":false},"excerpt":{"rendered":"<p>\u00d6nceki d\u00f6nem Gen\u00e7lik ve Spor Bakan\u0131, AK Parti \u0130zmir Milletvekili Dr. Mehmet Kasapo\u011flu, \u015eehit \u00d6mer Halisdemir K\u0131z Anadolu \u0130mam Hatip Lisesi \u2019Halisdemir Meclis Sim\u00fclasyonu\u2019nun a\u00e7\u0131l\u0131\u015f konu\u015fmas\u0131n\u0131 ger\u00e7ekle\u015ftirdi. Kasapo\u011flu konu\u015fmas\u0131nda, &#8220;Demokrasi; fikrin, s\u00f6z\u00fcn ve d\u00fc\u015f\u00fcncenin a\u011f\u0131rl\u0131\u011f\u0131na duyulan sayg\u0131d\u0131r&#8221; ifadelerini kulland\u0131. \u0130zmir \u0130l Milli E\u011fitim M\u00fcd\u00fcrl\u00fc\u011f\u00fc ve \u015eehit \u00d6mer Halisdemir K\u0131z Anadolu \u0130mam Hatip Lisesi koordinasyonunda, T\u00fcrkiye\u2019nin&#8230;<\/p>\n","protected":false},"author":1,"featured_media":99189,"comment_status":"open","ping_status":"open","sticky":false,"template":"","format":"standard","meta":{"_crdt_document":"","footnotes":""},"categories":[127],"tags":[],"class_list":["post-99188","post","type-post","status-publish","format-standard","has-post-thumbnail","hentry","category-siyaset"],"_links":{"self":[{"href":"https:\/\/www.egemtv.com\/index.php?rest_route=\/wp\/v2\/posts\/99188","targetHints":{"allow":["GET"]}}],"collection":[{"href":"https:\/\/www.egemtv.com\/index.php?rest_route=\/wp\/v2\/posts"}],"about":[{"href":"https:\/\/www.egemtv.com\/index.php?rest_route=\/wp\/v2\/types\/post"}],"author":[{"embeddable":true,"href":"https:\/\/www.egemtv.com\/index.php?rest_route=\/wp\/v2\/users\/1"}],"replies":[{"embeddable":true,"href":"https:\/\/www.egemtv.com\/index.php?rest_route=%2Fwp%2Fv2%2Fcomments&post=99188"}],"version-history":[{"count":1,"href":"https:\/\/www.egemtv.com\/index.php?rest_route=\/wp\/v2\/posts\/99188\/revisions"}],"predecessor-version":[{"id":99190,"href":"https:\/\/www.egemtv.com\/index.php?rest_route=\/wp\/v2\/posts\/99188\/revisions\/99190"}],"wp:featuredmedia":[{"embeddable":true,"href":"https:\/\/www.egemtv.com\/index.php?rest_route=\/wp\/v2\/media\/99189"}],"wp:attachment":[{"href":"https:\/\/www.egemtv.com\/index.php?rest_route=%2Fwp%2Fv2%2Fmedia&parent=99188"}],"wp:term":[{"taxonomy":"category","embeddable":true,"href":"https:\/\/www.egemtv.com\/index.php?rest_route=%2Fwp%2Fv2%2Fcategories&post=99188"},{"taxonomy":"post_tag","embeddable":true,"href":"https:\/\/www.egemtv.com\/index.php?rest_route=%2Fwp%2Fv2%2Ftags&post=99188"}],"curies":[{"name":"wp","href":"https:\/\/api.w.org\/{rel}","templated":true}]}}