{"id":99182,"date":"2026-04-26T12:30:38","date_gmt":"2026-04-26T09:30:38","guid":{"rendered":"https:\/\/www.egemtv.com\/?p=99182"},"modified":"2026-04-26T12:30:39","modified_gmt":"2026-04-26T09:30:39","slug":"izkitapta-edebiyat-soleni-yasaniyor","status":"publish","type":"post","link":"https:\/\/www.egemtv.com\/?p=99182","title":{"rendered":"\u0130ZK\u0130TAP\u2019ta edebiyat \u015f\u00f6leni ya\u015fan\u0131yor"},"content":{"rendered":"<p>\u0130zmir B\u00fcy\u00fck\u015fehir Belediyesi\u2019nin ev sahipli\u011finde, \u0130ZFA\u015e ve TACT Fuarc\u0131l\u0131k i\u015f birli\u011fiyle K\u00fclt\u00fcrpark\u2019ta d\u00fczenlenen \u0130ZK\u0130TAP-7. \u0130zmir Kitap Fuar\u0131, hafta sonunda da bahar havas\u0131 e\u015fli\u011finde adeta festival atmosferinde ge\u00e7ti. \u0130zmirliler, K\u00fclt\u00fcrpark\u2019\u0131n e\u015fsiz atmosferinde, g\u00fcn boyunca s\u00f6yle\u015filerde yazar ve \u015fairlerle bir araya gelirken, imza etkinliklerinde uzun kuyruklar olu\u015fturdu.<br \/>\n<br \/>\u0130ZK\u0130TAP, yay\u0131nevleri, sahaflar, e\u011fitim ve k\u00fclt\u00fcr kurumlar\u0131 ile sivil toplum kurulu\u015flar\u0131n\u0131 bir araya getirirken, yakla\u015f\u0131k 200 kat\u0131l\u0131mc\u0131 ve 400\u2019e yak\u0131n yazar, \u015fair, gazeteci ve akademisyeni okurlarla bulu\u015fturuyor. Cumartesi g\u00fcn\u00fc g\u00fczel havay\u0131 da f\u0131rsat bilen \u0130zmirliler, K\u00fclt\u00fcrpark\u2019\u0131 doldurdu. \u00d6zellikle s\u00f6yle\u015fi alanlar\u0131 ve imza stantlar\u0131nda kuyruklar olu\u015ftu. Okurlar hem sevdikleri yazarlarla bir araya gelme hem de yeni yay\u0131mlanan kitaplar\u0131 ke\u015ffetme f\u0131rsat\u0131 buldu. K\u00fclt\u00fcrpark\u2019ta, \u0130ZK\u0130TAP ile e\u015f zamanl\u0131 ger\u00e7ekle\u015ftirilen ve birbirinden nadir ve g\u00f6z al\u0131c\u0131 klasik ara\u00e7lar\u0131n sergilendi\u011fi Klasik Otomobil Sergisi de b\u00fcy\u00fck ilgi g\u00f6rd\u00fc.<br \/>\n<br \/>\u0130ZK\u0130TAP\u2019ta 25 Nisan\u2019da Behi\u00e7 Ak, Beyhan Budak, Cihat E. \u00c7i\u00e7ek, Do\u011fu Y\u00fccel, Mavisel Yener, Mehmet Ero\u011flu, Mine S\u00f6\u011f\u00fct, Murat Mente\u015f, Mustafa Balbay, Sayg\u0131 \u00d6zt\u00fcrk, Sinan Meydan, \u015e\u00fckr\u00fc Erba\u015f ve Yekta Kopan\u2019\u0131n da aralar\u0131nda bulundu\u011fu birbirinden de\u011ferli yazar, \u015fair ve gazeteci \u0130zmirlilerle bir araya geldi. Fuar kapsam\u0131nda Gazeteci &#8211; Yazar Murat A\u011f\u0131rel, Tarih\u00e7i &#8211; Yazar Sinan Meydan, Klinik Psikolog Yazar Beyhan Budak ve Yazar Dr. Efdal Sevin\u00e7li s\u00f6yle\u015filerde okurlarla bulu\u015fan isimler aras\u0131nda yer ald\u0131.<\/p>\n<p>&#8220;Bu topraklar kolay kazan\u0131lmad\u0131, Cumhuriyet kolay kurulmad\u0131&#8221;<br \/>\n<br \/>&#8220;Atat\u00fcrk\u2019\u00fcn Miras\u0131: Laik Cumhuriyet&#8221; ba\u015fl\u0131kl\u0131 s\u00f6yle\u015fiyle okurlar\u0131yla bulu\u015fan Sinan Meydan, Atat\u00fcrk ilke ve ink\u0131laplar\u0131n\u0131n tarihi \u00f6nemine dikkat \u00e7ekerek, &#8220;Cumhuriyet devrimleri yaln\u0131zca bir y\u00f6netim de\u011fi\u015fikli\u011fi de\u011fil, ayn\u0131 zamanda toplumsal bir d\u00f6n\u00fc\u015f\u00fcm projesidir. \u00d6zellikle kad\u0131n haklar\u0131 konusunda at\u0131lan ad\u0131mlar, d\u00f6nemin pek \u00e7ok \u00fclkesinin ilerisindedir. Kad\u0131nlara se\u00e7me ve se\u00e7ilme hakk\u0131 tan\u0131nmas\u0131, medeni kanunla sa\u011flanan e\u015fitlikler, \u00e7a\u011fda\u015fla\u015fma s\u00fcrecinin en somut g\u00f6stergelerindendir&#8221; diye konu\u015ftu.<br \/>\n<br \/>Cumhuriyet\u2019in kazan\u0131mlar\u0131n\u0131n korunmas\u0131n\u0131n \u00f6nemini vurgulayan Meydan, &#8220;Bu topraklar kolay kazan\u0131lmad\u0131, Cumhuriyet kolay kurulmad\u0131. Bu bilin\u00e7le hareket etmek ve Cumhuriyet de\u011ferlerine sahip \u00e7\u0131kmak hepimizin sorumlulu\u011fudur. \u00c7anakkale Sava\u015f\u0131\u2019nda \u2018Ben size taarruzu de\u011fil, \u00f6lmeyi emrediyorum\u2019 diyen bir liderin miras\u00e7\u0131lar\u0131 olarak, bu de\u011ferleri ya\u015fatmaya devam edece\u011fiz&#8221; dedi. Meydan, s\u00f6yle\u015finin ard\u0131ndan okurlar\u0131na kitaplar\u0131n\u0131 imzalad\u0131.<\/p>\n<p>Modern hayatta anlam aray\u0131\u015f\u0131 ve dengeli ya\u015fam\u0131n \u00f6nemi<br \/>\n<br \/>Fuar kapsam\u0131nda d\u00fczenlenen &#8220;\u0130nsan\u0131n Anlam Aray\u0131\u015f\u0131&#8221; ba\u015fl\u0131kl\u0131 s\u00f6yle\u015fide konu\u015fan Beyhan Budak, &#8220;Hayatta kontrol edemedi\u011fimiz pek \u00e7ok \u015fey var. Olan olur, olacak olan da olur, her \u015feyi kontrol etmeye \u00e7al\u0131\u015fmak kayg\u0131y\u0131 art\u0131r\u0131r. Huzur ise biraz da bu ak\u0131\u015f\u0131 kabul edebilmekten ge\u00e7iyor. S\u00fcrekli bir yerlere yeti\u015fmeye \u00e7al\u0131\u015f\u0131yoruz. Oysa iyi hissettiren \u015fey, her \u015feyi yapmak de\u011fil, daha az ama daha nitelikli bir ya\u015fam kurabilmek&#8221; ifadelerini kulland\u0131.<br \/>\n<br \/>Her bireyin farkl\u0131 ihtiya\u00e7lara sahip oldu\u011funu vurgulayan Budak, &#8220;Pop\u00fcler olan her \u015feyin bize iyi gelece\u011fini d\u00fc\u015f\u00fcnmemeliyiz. Kendimiz i\u00e7in ger\u00e7ekten iyi olan\u0131 ke\u015ffetmek daha sahici bir yakla\u015f\u0131m&#8221; diye konu\u015ftu.<br \/>\n<br \/>\u0130nsan ili\u015fkilerinin \u00f6nemine de de\u011finen Budak, &#8220;Yaln\u0131zl\u0131k zaman zaman tercih edilebilir, ancak insan\u0131n insana ihtiyac\u0131 vard\u0131r. Hi\u00e7 kimse tek ba\u015f\u0131na iyi de\u011fildir. Herkesin g\u00fc\u00e7l\u00fc ve zay\u0131f y\u00f6nleri vard\u0131r, \u00f6nemli olan ili\u015fkilerde bize iyi gelen taraflar\u0131 g\u00f6rebilmek ve besleyebilmektir&#8221; dedi.<\/p>\n<p>\u0130zmir\u2019in ilk mizahi ve karikat\u00fcr gazetesi Kara Sinan\u2019\u0131 anlatt\u0131<br \/>\n<br \/>\u0130zmir B\u00fcy\u00fck\u015fehir Belediyesi Kent Kitapl\u0131\u011f\u0131 taraf\u0131ndan d\u00fczenlenen s\u00f6yle\u015fide konu\u015fan akademisyen Dr. Efdal Sevin\u00e7li, \u0130zmir bas\u0131n tarihine \u0131\u015f\u0131k tutan \u00f6nemli bilgiler payla\u015ft\u0131. Sevin\u00e7li, &#8220;Kara Sinan, 3 Haziran 1875\u2019te yay\u0131mlanmaya ba\u015flayan ve \u0130zmir\u2019in ilk mizahi ve karikat\u00fcr gazetesi olarak kabul edilen \u00e7ok \u00f6nemli bir yay\u0131n. Haftal\u0131k olarak \u00e7\u0131kar\u0131lan bu gazete, genellikle d\u00f6rt sayfa olarak bas\u0131lm\u0131\u015f, ilk \u00fc\u00e7 sayfas\u0131nda yaz\u0131lara, son sayfas\u0131nda ise karikat\u00fcrlere yer verilmi\u015ftir&#8221; dedi.<br \/>\n<br \/>Kentin mizah gelene\u011finin k\u00f6kl\u00fc bir ge\u00e7mi\u015fe sahip oldu\u011funu vurgulayan Sevin\u00e7li, &#8220;Kara Sinan \u00fczerinden \u0130zmir\u2019in yaln\u0131zca ticaret de\u011fil, ayn\u0131 zamanda g\u00fc\u00e7l\u00fc bir k\u00fclt\u00fcr ve bas\u0131n hayat\u0131na sahip oldu\u011funu da g\u00f6rebiliyoruz. Bu yay\u0131n, kentin \u00e7ok k\u00fclt\u00fcrl\u00fc yap\u0131s\u0131 i\u00e7inde mizah\u0131n nas\u0131l \u00fcretildi\u011fini g\u00f6stermesi a\u00e7\u0131s\u0131ndan da olduk\u00e7a k\u0131ymetli&#8221; ifadelerini kulland\u0131.<br \/><\/p>\n","protected":false},"excerpt":{"rendered":"<p>\u0130zmir B\u00fcy\u00fck\u015fehir Belediyesi\u2019nin ev sahipli\u011finde, \u0130ZFA\u015e ve TACT Fuarc\u0131l\u0131k i\u015f birli\u011fiyle K\u00fclt\u00fcrpark\u2019ta d\u00fczenlenen \u0130ZK\u0130TAP-7. \u0130zmir Kitap Fuar\u0131, hafta sonunda da bahar havas\u0131 e\u015fli\u011finde adeta festival atmosferinde ge\u00e7ti. \u0130zmirliler, K\u00fclt\u00fcrpark\u2019\u0131n e\u015fsiz atmosferinde, g\u00fcn boyunca s\u00f6yle\u015filerde yazar ve \u015fairlerle bir araya gelirken, imza etkinliklerinde uzun kuyruklar olu\u015fturdu. \u0130ZK\u0130TAP, yay\u0131nevleri, sahaflar, e\u011fitim ve k\u00fclt\u00fcr kurumlar\u0131 ile sivil toplum&#8230;<\/p>\n","protected":false},"author":1,"featured_media":99183,"comment_status":"open","ping_status":"open","sticky":false,"template":"","format":"standard","meta":{"_crdt_document":"","footnotes":""},"categories":[1],"tags":[],"class_list":["post-99182","post","type-post","status-publish","format-standard","has-post-thumbnail","hentry","category-guncel"],"_links":{"self":[{"href":"https:\/\/www.egemtv.com\/index.php?rest_route=\/wp\/v2\/posts\/99182","targetHints":{"allow":["GET"]}}],"collection":[{"href":"https:\/\/www.egemtv.com\/index.php?rest_route=\/wp\/v2\/posts"}],"about":[{"href":"https:\/\/www.egemtv.com\/index.php?rest_route=\/wp\/v2\/types\/post"}],"author":[{"embeddable":true,"href":"https:\/\/www.egemtv.com\/index.php?rest_route=\/wp\/v2\/users\/1"}],"replies":[{"embeddable":true,"href":"https:\/\/www.egemtv.com\/index.php?rest_route=%2Fwp%2Fv2%2Fcomments&post=99182"}],"version-history":[{"count":1,"href":"https:\/\/www.egemtv.com\/index.php?rest_route=\/wp\/v2\/posts\/99182\/revisions"}],"predecessor-version":[{"id":99184,"href":"https:\/\/www.egemtv.com\/index.php?rest_route=\/wp\/v2\/posts\/99182\/revisions\/99184"}],"wp:featuredmedia":[{"embeddable":true,"href":"https:\/\/www.egemtv.com\/index.php?rest_route=\/wp\/v2\/media\/99183"}],"wp:attachment":[{"href":"https:\/\/www.egemtv.com\/index.php?rest_route=%2Fwp%2Fv2%2Fmedia&parent=99182"}],"wp:term":[{"taxonomy":"category","embeddable":true,"href":"https:\/\/www.egemtv.com\/index.php?rest_route=%2Fwp%2Fv2%2Fcategories&post=99182"},{"taxonomy":"post_tag","embeddable":true,"href":"https:\/\/www.egemtv.com\/index.php?rest_route=%2Fwp%2Fv2%2Ftags&post=99182"}],"curies":[{"name":"wp","href":"https:\/\/api.w.org\/{rel}","templated":true}]}}