{"id":9918,"date":"2025-01-17T12:23:53","date_gmt":"2025-01-17T09:23:53","guid":{"rendered":"https:\/\/www.egemtv.com\/?p=9918"},"modified":"2025-01-17T12:23:55","modified_gmt":"2025-01-17T09:23:55","slug":"burdurda-41-bin-77-ogrenci-karne-sevinci-yasadi","status":"publish","type":"post","link":"https:\/\/www.egemtv.com\/?p=9918","title":{"rendered":"Burdur\u2019da 41 bin 77 \u00f6\u011frenci karne sevinci ya\u015fad\u0131"},"content":{"rendered":"<p>Burdur\u2019da 2024-2025 e\u011fitim \u00f6\u011fretim y\u0131l\u0131n\u0131n ilk d\u00f6neminin sona ermesi ile birlikte 41 bin 77 \u00f6\u011frenci karne sevinci ya\u015fad\u0131. \u00d6zboyac\u0131 \u0130lkokulunda karne da\u011f\u0131tan Vali Yard\u0131mc\u0131s\u0131 Mehmet T\u00fcrk, \u201cE\u011fitimde kaliteyi yakalam\u0131\u015f bir iliz\u201d dedi.<br \/>\n<br \/>2024-2025 e\u011fitim \u00f6\u011fretim y\u0131l\u0131n\u0131n ilk yar\u0131s\u0131 sona erdi. Burdur\u2019da 243 okulda \u00f6\u011frenim g\u00f6ren 41 bin 77 \u00f6\u011frenci karne heyecan\u0131 ya\u015fad\u0131. Merkez \u00d6zboyac\u0131 \u0130lkokulunda karne da\u011f\u0131tan Vali Yard\u0131mc\u0131s\u0131 Mehmet T\u00fcrk ve \u0130l Milli E\u011fitim M\u00fcd\u00fcr\u00fc Muhammed \u00d6zdemirci \u00f6\u011frencilerin bu sevincine ortak oldu. Birinci s\u0131n\u0131f \u00f6\u011frencileri ise karne yerine geli\u015fim raporu ald\u0131.<br \/>\n<br \/>Farkl\u0131 s\u0131n\u0131flar\u0131 dola\u015farak karne da\u011f\u0131t\u0131p \u00f6\u011frencileri tebrik eden Vali Yard\u0131mc\u0131s\u0131 T\u00fcrk, tatilde bol bol dinlenip kitap okumalar\u0131 tavsiyesinde bulundu.<br \/>\n<br \/>Karne da\u011f\u0131t\u0131m\u0131 sonunda a\u00e7\u0131klamada bulunan Vali Yard\u0131mc\u0131s\u0131 T\u00fcrk, &#8220;Bug\u00fcn yar\u0131y\u0131l tatilinin ba\u015flang\u0131\u00e7 g\u00fcn. Karne t\u00f6reninde \u00e7ocuklar\u0131m\u0131zla bir araya geldik. Bizim hedefimiz \u00e7ocuklar\u0131m\u0131z\u0131 ki\u015filikli, \u00f6zg\u00fcvenli, sayg\u0131l\u0131 bireyler olarak topluma kazand\u0131rmak. Onlar\u0131n ruh d\u00fcnyalar\u0131n\u0131, g\u00f6n\u00fcllerini, milli ve manevi moral de\u011ferlerle donat\u0131p ak\u0131llar\u0131n\u0131, beyinlerini de pozitif bilgilerle donat\u0131rsak istedi\u011fimiz hedefe ula\u015f\u0131r\u0131z diye d\u00fc\u015f\u00fcn\u00fcyorum. Bug\u00fcn \u00e7ocuklar\u0131m\u0131z\u0131n hepsi \u00e7ok mutluydular. \u0130n\u015fallah \u00fclke olarak \u00f6n\u00fcm\u00fczdeki s\u00fcre\u00e7te d\u00fcnyan\u0131n geli\u015fmi\u015f favori \u00fclkeleri aras\u0131nda g\u00f6sterilen bir \u00fclkeyiz. Tabii bunu bizim elde etmemizin de yolu \u00e7ocuklar\u0131m\u0131z\u0131 o vizyona haz\u0131r bir \u015fekilde yeti\u015ftirmekten ge\u00e7iyor. Bu anlamda e\u011fitim be\u015fikten mezara kadar devam eden bir s\u00fcre\u00e7, sadece okulla s\u0131n\u0131rl\u0131 de\u011fil. Ailede, okulda, hayatta her zaman onlar\u0131 sevgiyle sayg\u0131yla onlar\u0131 de\u011ferli olduklar\u0131n\u0131 \u00f6nemli olduklar\u0131n\u0131 kendilerine hissettirirsek bu hedefimize ula\u015faca\u011f\u0131m\u0131za inan\u0131yorum. Ben \u00e7ocuklar\u0131m\u0131za iyi tatiller diliyorum. Karnelerinde k\u0131r\u0131k olsa bile hi\u00e7 \u00f6nemli de\u011fil, onlar\u0131 kurtar\u0131rlar. Yeter ki kendilerini \u00f6zg\u00fcvenli, bilin\u00e7li, sayg\u0131l\u0131 bireyler olarak hissetmeleri, sevildiklerini, say\u0131ld\u0131klar\u0131n\u0131, \u00f6nemli olduklar\u0131n\u0131 fark etmeleri. Biz bunu kazand\u0131rmaya \u00e7al\u0131\u015f\u0131yoruz onlar da bunu hissederse \u00fclkemiz geleceklerinden daha g\u00fcvenli bakar diye d\u00fc\u015f\u00fcn\u00fcyorum, te\u015fekk\u00fcr ediyorum&#8221; dedi.<br \/><\/p>\n","protected":false},"excerpt":{"rendered":"<p>Burdur\u2019da 2024-2025 e\u011fitim \u00f6\u011fretim y\u0131l\u0131n\u0131n ilk d\u00f6neminin sona ermesi ile birlikte 41 bin 77 \u00f6\u011frenci karne sevinci ya\u015fad\u0131. \u00d6zboyac\u0131 \u0130lkokulunda karne da\u011f\u0131tan Vali Yard\u0131mc\u0131s\u0131 Mehmet T\u00fcrk, \u201cE\u011fitimde kaliteyi yakalam\u0131\u015f bir iliz\u201d dedi. 2024-2025 e\u011fitim \u00f6\u011fretim y\u0131l\u0131n\u0131n ilk yar\u0131s\u0131 sona erdi. Burdur\u2019da 243 okulda \u00f6\u011frenim g\u00f6ren 41 bin 77 \u00f6\u011frenci karne heyecan\u0131 ya\u015fad\u0131. Merkez \u00d6zboyac\u0131 \u0130lkokulunda&#8230;<\/p>\n","protected":false},"author":1,"featured_media":9919,"comment_status":"open","ping_status":"open","sticky":false,"template":"","format":"standard","meta":{"_crdt_document":"","footnotes":""},"categories":[1],"tags":[],"class_list":["post-9918","post","type-post","status-publish","format-standard","has-post-thumbnail","hentry","category-guncel"],"_links":{"self":[{"href":"https:\/\/www.egemtv.com\/index.php?rest_route=\/wp\/v2\/posts\/9918","targetHints":{"allow":["GET"]}}],"collection":[{"href":"https:\/\/www.egemtv.com\/index.php?rest_route=\/wp\/v2\/posts"}],"about":[{"href":"https:\/\/www.egemtv.com\/index.php?rest_route=\/wp\/v2\/types\/post"}],"author":[{"embeddable":true,"href":"https:\/\/www.egemtv.com\/index.php?rest_route=\/wp\/v2\/users\/1"}],"replies":[{"embeddable":true,"href":"https:\/\/www.egemtv.com\/index.php?rest_route=%2Fwp%2Fv2%2Fcomments&post=9918"}],"version-history":[{"count":1,"href":"https:\/\/www.egemtv.com\/index.php?rest_route=\/wp\/v2\/posts\/9918\/revisions"}],"predecessor-version":[{"id":9920,"href":"https:\/\/www.egemtv.com\/index.php?rest_route=\/wp\/v2\/posts\/9918\/revisions\/9920"}],"wp:featuredmedia":[{"embeddable":true,"href":"https:\/\/www.egemtv.com\/index.php?rest_route=\/wp\/v2\/media\/9919"}],"wp:attachment":[{"href":"https:\/\/www.egemtv.com\/index.php?rest_route=%2Fwp%2Fv2%2Fmedia&parent=9918"}],"wp:term":[{"taxonomy":"category","embeddable":true,"href":"https:\/\/www.egemtv.com\/index.php?rest_route=%2Fwp%2Fv2%2Fcategories&post=9918"},{"taxonomy":"post_tag","embeddable":true,"href":"https:\/\/www.egemtv.com\/index.php?rest_route=%2Fwp%2Fv2%2Ftags&post=9918"}],"curies":[{"name":"wp","href":"https:\/\/api.w.org\/{rel}","templated":true}]}}