{"id":99179,"date":"2026-04-26T11:55:45","date_gmt":"2026-04-26T08:55:45","guid":{"rendered":"https:\/\/www.egemtv.com\/?p=99179"},"modified":"2026-04-26T11:55:46","modified_gmt":"2026-04-26T08:55:46","slug":"ieu-yayinevi-dunya-sahnesinde","status":"publish","type":"post","link":"https:\/\/www.egemtv.com\/?p=99179","title":{"rendered":"\u0130E\u00dc Yay\u0131nevi d\u00fcnya sahnesinde"},"content":{"rendered":"<p>\u0130zmir Ekonomi \u00dcniversitesi (\u0130E\u00dc) Yay\u0131nevi, \u00dcniversiteleraras\u0131 Kurul Ba\u015fkanl\u0131\u011f\u0131\u2019n\u0131n (\u00dcAK) belirledi\u011fi t\u00fcm kriterleri yerine getirerek \u2018uluslararas\u0131 yay\u0131nevi\u2019 stat\u00fcs\u00fc kazand\u0131. \u0130E\u00dc Yay\u0131nevi\u2019nin haz\u0131rlad\u0131\u011f\u0131 kitaplar, d\u00fcnyada ilk 500\u2019de yer alan bir\u00e7ok \u00fcniversitenin k\u00fct\u00fcphanesinde yer alarak gen\u00e7lerle bulu\u015fmaya ba\u015flad\u0131. \u0130E\u00dc Yay\u0131nevi\u2019nden Sorumlu Rekt\u00f6r Dan\u0131\u015fman\u0131 Prof. Dr. G\u00f6zde Yazg\u0131 T\u00fct\u00fcnc\u00fc, &#8220;\u00dcniversitemizin 25\u2019inci ya\u015f\u0131n\u0131 kutlad\u0131\u011f\u0131m\u0131z bu \u00f6zel y\u0131lda, d\u00fcnyan\u0131n en iyi yay\u0131nevleri aras\u0131na ad\u0131m\u0131z\u0131 yazd\u0131rd\u0131\u011f\u0131m\u0131z i\u00e7in mutlu ve gururluyuz&#8221; diye konu\u015ftu.<br \/>\n<br \/>\u0130zmir\u2019in k\u00fclt\u00fcrel ve entelekt\u00fcel birikimini besleyen, akademik \u00fcretimi g\u00f6r\u00fcn\u00fcr k\u0131lan ve bu \u00fcretimi kal\u0131c\u0131 eserlere d\u00f6n\u00fc\u015ft\u00fcren \u0130zmir Ekonomi \u00dcniversitesi Yay\u0131nevi, \u2018uluslararas\u0131 yay\u0131nevi\u2019 stat\u00fcs\u00fcn\u00fc kazanmak i\u00e7in planl\u0131 ve stratejik ad\u0131mlar att\u0131. \u00dcAK taraf\u0131ndan belirlenen kriterler do\u011frultusunda hareket eden \u0130E\u00dc Yay\u0131nevi, bilginin kamp\u00fcs d\u0131\u015f\u0131na \u00e7\u0131karak topluma yay\u0131lmas\u0131na \u00f6nc\u00fcl\u00fck etti.<br \/>\n<br \/>En az d\u00f6rt y\u0131l uluslararas\u0131 d\u00fczeyde d\u00fczenli faaliyet y\u00fcr\u00fct\u00fclmesi, yay\u0131mlanan eserlerin yurt d\u0131\u015f\u0131ndaki \u00fcniversitelerin k\u00fct\u00fcphanelerinde kataloglanmas\u0131 ve ayn\u0131 alanda farkl\u0131 yazarlara ait en az 20 kitab\u0131n yay\u0131mlanm\u0131\u015f olmas\u0131 gibi bir\u00e7ok kriteri yerine getiren \u0130E\u00dc Yay\u0131nevi, uluslararas\u0131 akademik a\u011f\u0131n bir par\u00e7as\u0131 haline geldi.<\/p>\n<p>&#8220;\u0130zmir\u2019in bilgi ekosistemi g\u00fc\u00e7leniyor&#8221;<br \/>\n<br \/>\u0130E\u00dc Rekt\u00f6r Dan\u0131\u015fman\u0131 Prof. Dr. G\u00f6zde Yazg\u0131 T\u00fct\u00fcnc\u00fc, akademik ve bilimsel i\u00e7eriklerin nitelikli bi\u00e7imde yay\u0131mlanmas\u0131n\u0131n, toplumsal geli\u015fimin en temel yap\u0131 ta\u015flar\u0131ndan biri oldu\u011funu belirterek, &#8220;Yay\u0131nevimizin uluslararas\u0131 stat\u00fc kazanmas\u0131, \u00fcniversitemizin bilgi \u00fcretme ve bu bilgiyi toplumla payla\u015fma konusundaki kararl\u0131l\u0131\u011f\u0131n\u0131n g\u00fc\u00e7l\u00fc bir g\u00f6stergesi oldu. Bilgi; eri\u015filebilir ve s\u00fcrd\u00fcr\u00fclebilir hale geldi\u011finde ger\u00e7ek etki meydana getirir. Bu anlamda yay\u0131nevimiz, \u00fcniversitemizin \u00fcretti\u011fi bilginin kamp\u00fcs s\u0131n\u0131rlar\u0131n\u0131 a\u015farak topluma, kente ve d\u00fcnyaya ula\u015fmas\u0131n\u0131 sa\u011flayan kritik bir k\u00f6pr\u00fc g\u00f6revi \u00fcstleniyor. Yay\u0131nevimiz, \u0130zmir\u2019in bilgi ekosistemini g\u00fc\u00e7lendiriyor. Ayn\u0131 zamanda yerel ile evrensel aras\u0131nda ba\u011f kurarak \u0130zmir\u2019i uluslararas\u0131 akademik dola\u015f\u0131m\u0131n bir par\u00e7as\u0131 haline getiriyor&#8221; ifadelerini kulland\u0131.<\/p>\n<p>&#8220;K\u00fcresel \u00f6l\u00e7ekte etki artacak&#8221;<br \/>\n<br \/>Prof. Dr. T\u00fct\u00fcnc\u00fc, s\u00f6zlerini \u015f\u00f6yle s\u00fcrd\u00fcrd\u00fc: &#8220;Yay\u0131nevimizin rol\u00fc, yaln\u0131zca kitap basmakla s\u0131n\u0131rl\u0131 de\u011fil. Biz; gen\u00e7lerin ele\u015ftirel d\u00fc\u015f\u00fcnme, ara\u015ft\u0131rma ve \u00fcretme becerilerini geli\u015ftiren bir yap\u0131 olarak hareket ediyoruz. Nitelikli kaynaklara eri\u015fim imkan\u0131 sa\u011flayarak \u00f6\u011frencilerin ki\u015fisel ve akademik geli\u015fimini destekliyoruz. Bu y\u00f6n\u00fcyle yay\u0131nevimiz, \u00fcniversitemizin e\u011fitim misyonunu tamamlayan ve derinle\u015ftiren \u00f6nemli bir unsur. Eserlerimizin, d\u00fcnyan\u0131n \u00f6nde gelen \u00fcniversitelerinin k\u00fct\u00fcphanelerinde yer almas\u0131 ise \u00fcniversitemizin uluslararas\u0131la\u015fma vizyonunun somut bir \u00e7\u0131kt\u0131s\u0131. Bu ba\u015far\u0131, sadece akademik \u00fcretimin kalitesini de\u011fil, ayn\u0131 zamanda \u00fcniversitemizin k\u00fcresel \u00f6l\u00e7ekte g\u00f6r\u00fcn\u00fcrl\u00fc\u011f\u00fcn\u00fc ve etkisini de art\u0131racak.&#8221;<br \/><\/p>\n","protected":false},"excerpt":{"rendered":"<p>\u0130zmir Ekonomi \u00dcniversitesi (\u0130E\u00dc) Yay\u0131nevi, \u00dcniversiteleraras\u0131 Kurul Ba\u015fkanl\u0131\u011f\u0131\u2019n\u0131n (\u00dcAK) belirledi\u011fi t\u00fcm kriterleri yerine getirerek \u2018uluslararas\u0131 yay\u0131nevi\u2019 stat\u00fcs\u00fc kazand\u0131. \u0130E\u00dc Yay\u0131nevi\u2019nin haz\u0131rlad\u0131\u011f\u0131 kitaplar, d\u00fcnyada ilk 500\u2019de yer alan bir\u00e7ok \u00fcniversitenin k\u00fct\u00fcphanesinde yer alarak gen\u00e7lerle bulu\u015fmaya ba\u015flad\u0131. \u0130E\u00dc Yay\u0131nevi\u2019nden Sorumlu Rekt\u00f6r Dan\u0131\u015fman\u0131 Prof. Dr. G\u00f6zde Yazg\u0131 T\u00fct\u00fcnc\u00fc, &#8220;\u00dcniversitemizin 25\u2019inci ya\u015f\u0131n\u0131 kutlad\u0131\u011f\u0131m\u0131z bu \u00f6zel y\u0131lda, d\u00fcnyan\u0131n en iyi&#8230;<\/p>\n","protected":false},"author":1,"featured_media":99180,"comment_status":"open","ping_status":"open","sticky":false,"template":"","format":"standard","meta":{"_crdt_document":"","footnotes":""},"categories":[1],"tags":[],"class_list":["post-99179","post","type-post","status-publish","format-standard","has-post-thumbnail","hentry","category-guncel"],"_links":{"self":[{"href":"https:\/\/www.egemtv.com\/index.php?rest_route=\/wp\/v2\/posts\/99179","targetHints":{"allow":["GET"]}}],"collection":[{"href":"https:\/\/www.egemtv.com\/index.php?rest_route=\/wp\/v2\/posts"}],"about":[{"href":"https:\/\/www.egemtv.com\/index.php?rest_route=\/wp\/v2\/types\/post"}],"author":[{"embeddable":true,"href":"https:\/\/www.egemtv.com\/index.php?rest_route=\/wp\/v2\/users\/1"}],"replies":[{"embeddable":true,"href":"https:\/\/www.egemtv.com\/index.php?rest_route=%2Fwp%2Fv2%2Fcomments&post=99179"}],"version-history":[{"count":1,"href":"https:\/\/www.egemtv.com\/index.php?rest_route=\/wp\/v2\/posts\/99179\/revisions"}],"predecessor-version":[{"id":99181,"href":"https:\/\/www.egemtv.com\/index.php?rest_route=\/wp\/v2\/posts\/99179\/revisions\/99181"}],"wp:featuredmedia":[{"embeddable":true,"href":"https:\/\/www.egemtv.com\/index.php?rest_route=\/wp\/v2\/media\/99180"}],"wp:attachment":[{"href":"https:\/\/www.egemtv.com\/index.php?rest_route=%2Fwp%2Fv2%2Fmedia&parent=99179"}],"wp:term":[{"taxonomy":"category","embeddable":true,"href":"https:\/\/www.egemtv.com\/index.php?rest_route=%2Fwp%2Fv2%2Fcategories&post=99179"},{"taxonomy":"post_tag","embeddable":true,"href":"https:\/\/www.egemtv.com\/index.php?rest_route=%2Fwp%2Fv2%2Ftags&post=99179"}],"curies":[{"name":"wp","href":"https:\/\/api.w.org\/{rel}","templated":true}]}}