{"id":99176,"date":"2026-04-26T11:55:44","date_gmt":"2026-04-26T08:55:44","guid":{"rendered":"https:\/\/www.egemtv.com\/?p=99176"},"modified":"2026-04-26T11:55:45","modified_gmt":"2026-04-26T08:55:45","slug":"mesir-fener-alayi-solene-donustu","status":"publish","type":"post","link":"https:\/\/www.egemtv.com\/?p=99176","title":{"rendered":"Mesir Fener Alay\u0131 \u015f\u00f6lene d\u00f6n\u00fc\u015ft\u00fc"},"content":{"rendered":"<p>486. Uluslararas\u0131 Manisa Mesir Macunu Festivali kapsam\u0131nda d\u00fczenlenen Fener Alay\u0131, binlerce ki\u015finin kat\u0131l\u0131m\u0131yla dev bir \u015f\u00f6lene d\u00f6n\u00fc\u015ft\u00fc. Cumhuriyet Meydan\u0131\u2019nda ger\u00e7ekle\u015fen Halk Danslar\u0131 Gala Gecesi ise 12 \u00fclkeden gelen misafirlerin performanslar\u0131yla festivale uluslararas\u0131 bir renk katt\u0131.<br \/>\n<br \/>UNESCO \u0130nsanl\u0131\u011f\u0131n Somut Olmayan K\u00fclt\u00fcrel Miras\u0131 Listesi\u2019nde yer alan k\u00f6kl\u00fc gelenek, bir hafta s\u00fcren etkinliklerle kentte b\u00fcy\u00fck bir heyecana neden oldu. Festivalin en g\u00f6rkemli anlar\u0131ndan biri olan fener alay\u0131, Kafe Sera \u00f6n\u00fcnden ba\u015flayarak Manisa sokaklar\u0131n\u0131 adeta bir karnaval alan\u0131na \u00e7evirdi.<br \/>\n<br \/>Y\u00fcr\u00fcy\u00fc\u015fe; Manisa B\u00fcy\u00fck\u015fehir Belediye Ba\u015fkan\u0131 Besim Dutlulu, Manisa Milletvekili \u015eenol Sunat, Manisa B\u00fcy\u00fck\u015fehir Belediyesi Genel Sekreteri Burak Deste, MASK\u0130 Genel M\u00fcd\u00fcr\u00fc Ali K\u0131l\u0131\u00e7, \u015eehzadeler Belediye Ba\u015fkan\u0131 Hakan \u015eim\u015fek, Yunusemre Belediye Ba\u015fkan Yard\u0131mc\u0131s\u0131 \u00d6zge Arslan, belediye meclis \u00fcyeleri, Manisa\u2019y\u0131 Mesiri Tan\u0131tma ve Turizm Derne\u011fi Ba\u015fkan\u0131 Ufuk Tan\u0131k, siyasi parti ve sivil toplum kurulu\u015fu temsilcileri ile \u00e7ok say\u0131da vatanda\u015f kat\u0131ld\u0131. \u015eehir merkezinde halk\u0131n yo\u011fun sevgi g\u00f6sterileri e\u015fli\u011finde ilerleyen kortej, Cumhuriyet Meydan\u0131\u2019nda sona erdi.<br \/>\n<br \/>Cumhuriyet Meydan\u0131\u2019ndaki program\u0131n devam\u0131nda d\u00fczenlenen Halk Danslar\u0131 Gala Gecesi, tam bir g\u00f6rsel \u015f\u00f6lene ev sahipli\u011fi yapt\u0131. 12 farkl\u0131 \u00fclkeden Manisa\u2019ya gelen dans gruplar\u0131, kendi k\u00fclt\u00fcrlerine \u00f6zg\u00fc performanslar\u0131n\u0131 sergiledi. Renkli kost\u00fcmleri ve etkileyici koreografileriyle izleyenleri b\u00fcy\u00fcleyen ekipler, festivalin evrensel karde\u015flik mesaj\u0131n\u0131 sahnede bir kez daha per\u00e7inledi.<br \/>\n<br \/>Gala gecesinde konuk \u00fclke temsilcilerine plaket takdim eden Manisa B\u00fcy\u00fck\u015fehir Belediye Ba\u015fkan\u0131 Besim Dutlulu, yapt\u0131\u011f\u0131 konu\u015fmada \u015funlar\u0131 s\u00f6yledi: &#8220;Tam mesirin ruhuna uygun; tiyatrosu, do\u011fa sporlar\u0131, gastronomisi ve misafir \u00fclkelerden gelen halk oyunlar\u0131yla dopdolu bir festival ya\u015f\u0131yoruz. Manisa\u2019y\u0131 bir k\u00fclt\u00fcr \u015f\u00f6lenine \u00e7eviren t\u00fcm misafirlerimize \u2018ho\u015f geldiniz\u2019 diyor, onlar\u0131 en iyi \u015fekilde a\u011f\u0131rlayan hem\u015fehrilerime te\u015fekk\u00fcr ediyorum.&#8221;<br \/>\n<br \/>Ba\u015fkan Dutlulu, pazar g\u00fcn\u00fc \u00f6\u011fle saatlerinde Sultan Camii k\u00fclliyesinde ger\u00e7ekle\u015ftirilecek tarihi sa\u00e7\u0131m t\u00f6renine de t\u00fcm halk\u0131 davet ederek, &#8220;486 y\u0131ld\u0131r ecdad\u0131m\u0131zdan miras kalan bu g\u00fczel gelene\u011fi, hi\u00e7bir ayr\u0131m g\u00f6zetmeksizin herkesle payla\u015fmaya devam edece\u011fiz. T\u00fcm vatanda\u015flar\u0131m\u0131z\u0131 bu b\u00fcy\u00fck co\u015fkuya ortak olmaya bekliyoruz&#8221; dedi.<br \/>\n<br \/>Kortejden galaya uzanan bu renkli geceyle festival co\u015fkusu zirveye ta\u015f\u0131n\u0131rken, Manisal\u0131lar tarihi miraslar\u0131na sahip \u00e7\u0131kman\u0131n gururunu bir kez daha ya\u015fad\u0131.<br \/><\/p>\n","protected":false},"excerpt":{"rendered":"<p>486. Uluslararas\u0131 Manisa Mesir Macunu Festivali kapsam\u0131nda d\u00fczenlenen Fener Alay\u0131, binlerce ki\u015finin kat\u0131l\u0131m\u0131yla dev bir \u015f\u00f6lene d\u00f6n\u00fc\u015ft\u00fc. Cumhuriyet Meydan\u0131\u2019nda ger\u00e7ekle\u015fen Halk Danslar\u0131 Gala Gecesi ise 12 \u00fclkeden gelen misafirlerin performanslar\u0131yla festivale uluslararas\u0131 bir renk katt\u0131. UNESCO \u0130nsanl\u0131\u011f\u0131n Somut Olmayan K\u00fclt\u00fcrel Miras\u0131 Listesi\u2019nde yer alan k\u00f6kl\u00fc gelenek, bir hafta s\u00fcren etkinliklerle kentte b\u00fcy\u00fck bir heyecana neden&#8230;<\/p>\n","protected":false},"author":1,"featured_media":99177,"comment_status":"open","ping_status":"open","sticky":false,"template":"","format":"standard","meta":{"_crdt_document":"","footnotes":""},"categories":[1],"tags":[],"class_list":["post-99176","post","type-post","status-publish","format-standard","has-post-thumbnail","hentry","category-guncel"],"_links":{"self":[{"href":"https:\/\/www.egemtv.com\/index.php?rest_route=\/wp\/v2\/posts\/99176","targetHints":{"allow":["GET"]}}],"collection":[{"href":"https:\/\/www.egemtv.com\/index.php?rest_route=\/wp\/v2\/posts"}],"about":[{"href":"https:\/\/www.egemtv.com\/index.php?rest_route=\/wp\/v2\/types\/post"}],"author":[{"embeddable":true,"href":"https:\/\/www.egemtv.com\/index.php?rest_route=\/wp\/v2\/users\/1"}],"replies":[{"embeddable":true,"href":"https:\/\/www.egemtv.com\/index.php?rest_route=%2Fwp%2Fv2%2Fcomments&post=99176"}],"version-history":[{"count":1,"href":"https:\/\/www.egemtv.com\/index.php?rest_route=\/wp\/v2\/posts\/99176\/revisions"}],"predecessor-version":[{"id":99178,"href":"https:\/\/www.egemtv.com\/index.php?rest_route=\/wp\/v2\/posts\/99176\/revisions\/99178"}],"wp:featuredmedia":[{"embeddable":true,"href":"https:\/\/www.egemtv.com\/index.php?rest_route=\/wp\/v2\/media\/99177"}],"wp:attachment":[{"href":"https:\/\/www.egemtv.com\/index.php?rest_route=%2Fwp%2Fv2%2Fmedia&parent=99176"}],"wp:term":[{"taxonomy":"category","embeddable":true,"href":"https:\/\/www.egemtv.com\/index.php?rest_route=%2Fwp%2Fv2%2Fcategories&post=99176"},{"taxonomy":"post_tag","embeddable":true,"href":"https:\/\/www.egemtv.com\/index.php?rest_route=%2Fwp%2Fv2%2Ftags&post=99176"}],"curies":[{"name":"wp","href":"https:\/\/api.w.org\/{rel}","templated":true}]}}