{"id":99173,"date":"2026-04-26T11:20:46","date_gmt":"2026-04-26T08:20:46","guid":{"rendered":"https:\/\/www.egemtv.com\/?p=99173"},"modified":"2026-04-26T11:20:48","modified_gmt":"2026-04-26T08:20:48","slug":"otobuste-kalbi-duran-yolcu-yasam-savasini-kaybetti","status":"publish","type":"post","link":"https:\/\/www.egemtv.com\/?p=99173","title":{"rendered":"Otob\u00fcste kalbi duran yolcu ya\u015fam sava\u015f\u0131n\u0131 kaybetti"},"content":{"rendered":"<p>Ayd\u0131n\u2019\u0131n Nazilli il\u00e7esinde seyir halindeki yolcu otob\u00fcs\u00fcnde kalp krizi ge\u00e7iren ve sa\u011fl\u0131k ekiplerinin m\u00fcdahalesiyle yeniden hayata d\u00f6nd\u00fcr\u00fclen m\u00fczisyen Ya\u015far Tuncer (55) tedavi g\u00f6rd\u00fc\u011f\u00fc hastanede ya\u015fam\u0131n\u0131 yitirdi.<\/p>\n<p>Olay,  Kuyucak-Nazilli karayolu \u00fczerinde 24 Nisan Cuma g\u00fcn\u00fc meydana geldi. Edinilen bilgiye g\u00f6re, Kuyucak\u2019tan Nazilli istikametine seyir halinde olan yolcu otob\u00fcs\u00fcnde bulunan m\u00fczisyen Ya\u015far Tuncer aniden fenala\u015ft\u0131. Durumu fark eden otob\u00fcs \u015fof\u00f6r\u00fc, arac\u0131 g\u00fcvenli bir noktaya \u00e7ekerek 112 Acil \u00c7a\u011fr\u0131 Merkezi\u2019nden yard\u0131m istedi. \u0130hbar \u00fczerine harekete ge\u00e7en sa\u011fl\u0131k ekipleri, zaman kaybetmemek i\u00e7in otob\u00fcsle vergi dairesi kav\u015fa\u011f\u0131nda bulu\u015ftu. Yap\u0131lan ilk kontrollerde Tuncer\u2019in kalbinin durdu\u011fu belirlendi. Sa\u011fl\u0131k ekipleri taraf\u0131ndan ambulansta uzun s\u00fcre kalp masaj\u0131 uygulanan Tuncer\u2019in kalbi yeniden \u00e7al\u0131\u015ft\u0131r\u0131ld\u0131. \u0130lk m\u00fcdahalenin ard\u0131ndan Nazilli Devlet Hastanesi\u2019ne kald\u0131r\u0131lan Tuncer, buradaki tedavisinin ard\u0131ndan durumu ciddiyetini korumas\u0131 \u00fczerine Ayd\u0131n Adnan Menderes \u00dcniversitesi Hastanesi\u2019ne sevk edildi.<\/p>\n<p>Ge\u00e7mi\u015fte kalp rahats\u0131zl\u0131\u011f\u0131 bulundu\u011fu, ameliyat ge\u00e7irdi\u011fi ve damarlar\u0131na stent tak\u0131ld\u0131\u011f\u0131 \u00f6\u011frenilen Ya\u015far Tuncer, doktorlar\u0131n t\u00fcm m\u00fcdahalesine ra\u011fmen kurtar\u0131lamad\u0131. Tuncer\u2019in ani \u00f6l\u00fcm\u00fc ailesi ve t\u00fcm sevenlerini yasa bo\u011farken, cenazesinin \u00f6\u011fle namaz\u0131na m\u00fcteakip I\u015f\u0131klar Mahallesi\u2019nde k\u0131l\u0131nacak cenaze namaz\u0131n\u0131n ard\u0131ndan mahalle mezarl\u0131\u011f\u0131nda topra\u011fa verilece\u011fi \u00f6\u011frenildi.<br \/><\/p>\n","protected":false},"excerpt":{"rendered":"<p>Ayd\u0131n\u2019\u0131n Nazilli il\u00e7esinde seyir halindeki yolcu otob\u00fcs\u00fcnde kalp krizi ge\u00e7iren ve sa\u011fl\u0131k ekiplerinin m\u00fcdahalesiyle yeniden hayata d\u00f6nd\u00fcr\u00fclen m\u00fczisyen Ya\u015far Tuncer (55) tedavi g\u00f6rd\u00fc\u011f\u00fc hastanede ya\u015fam\u0131n\u0131 yitirdi. Olay, Kuyucak-Nazilli karayolu \u00fczerinde 24 Nisan Cuma g\u00fcn\u00fc meydana geldi. Edinilen bilgiye g\u00f6re, Kuyucak\u2019tan Nazilli istikametine seyir halinde olan yolcu otob\u00fcs\u00fcnde bulunan m\u00fczisyen Ya\u015far Tuncer aniden fenala\u015ft\u0131. Durumu fark&#8230;<\/p>\n","protected":false},"author":1,"featured_media":99174,"comment_status":"open","ping_status":"open","sticky":false,"template":"","format":"standard","meta":{"_crdt_document":"","footnotes":""},"categories":[5],"tags":[],"class_list":["post-99173","post","type-post","status-publish","format-standard","has-post-thumbnail","hentry","category-asayis"],"_links":{"self":[{"href":"https:\/\/www.egemtv.com\/index.php?rest_route=\/wp\/v2\/posts\/99173","targetHints":{"allow":["GET"]}}],"collection":[{"href":"https:\/\/www.egemtv.com\/index.php?rest_route=\/wp\/v2\/posts"}],"about":[{"href":"https:\/\/www.egemtv.com\/index.php?rest_route=\/wp\/v2\/types\/post"}],"author":[{"embeddable":true,"href":"https:\/\/www.egemtv.com\/index.php?rest_route=\/wp\/v2\/users\/1"}],"replies":[{"embeddable":true,"href":"https:\/\/www.egemtv.com\/index.php?rest_route=%2Fwp%2Fv2%2Fcomments&post=99173"}],"version-history":[{"count":1,"href":"https:\/\/www.egemtv.com\/index.php?rest_route=\/wp\/v2\/posts\/99173\/revisions"}],"predecessor-version":[{"id":99175,"href":"https:\/\/www.egemtv.com\/index.php?rest_route=\/wp\/v2\/posts\/99173\/revisions\/99175"}],"wp:featuredmedia":[{"embeddable":true,"href":"https:\/\/www.egemtv.com\/index.php?rest_route=\/wp\/v2\/media\/99174"}],"wp:attachment":[{"href":"https:\/\/www.egemtv.com\/index.php?rest_route=%2Fwp%2Fv2%2Fmedia&parent=99173"}],"wp:term":[{"taxonomy":"category","embeddable":true,"href":"https:\/\/www.egemtv.com\/index.php?rest_route=%2Fwp%2Fv2%2Fcategories&post=99173"},{"taxonomy":"post_tag","embeddable":true,"href":"https:\/\/www.egemtv.com\/index.php?rest_route=%2Fwp%2Fv2%2Ftags&post=99173"}],"curies":[{"name":"wp","href":"https:\/\/api.w.org\/{rel}","templated":true}]}}