{"id":99170,"date":"2026-04-26T11:20:44","date_gmt":"2026-04-26T08:20:44","guid":{"rendered":"https:\/\/www.egemtv.com\/?p=99170"},"modified":"2026-04-26T11:20:46","modified_gmt":"2026-04-26T08:20:46","slug":"sokaklardan-sahalara-uzanan-basari-hikayesi-memurlugu-birakip-hayalindeki-kulubu-kurdu","status":"publish","type":"post","link":"https:\/\/www.egemtv.com\/?p=99170","title":{"rendered":"Sokaklardan sahalara uzanan ba\u015far\u0131 hikayesi: Memurlu\u011fu b\u0131rak\u0131p hayalindeki kul\u00fcb\u00fc kurdu"},"content":{"rendered":"<p>Denizli\u2019de 20 y\u0131ld\u0131r futbol antren\u00f6rl\u00fc\u011f\u00fc yapan Yunus Emre Fidan, 8 ya\u015f\u0131nda sokaklarda ba\u015flad\u0131\u011f\u0131 futbol ser\u00fcvenini kendi kul\u00fcb\u00fcn\u00fc kurarak hayata ge\u00e7irdi. Uzun y\u0131llar devlet memurlu\u011fu yapan Fidan, gen\u00e7 sporculara daha fazla katk\u0131 sa\u011flamak ad\u0131na g\u00f6revinden istifa ederek t\u00fcm zaman\u0131n\u0131 futbola adad\u0131\u011f\u0131n\u0131 belirterek, &#8220;\u00c7ocukluktaki hayalimi ba\u015fard\u0131\u011f\u0131m i\u00e7in kendimle \u00e7ok gurur duyuyorum&#8221; dedi.<br \/>\n<br \/>Futbola 8 ya\u015f\u0131nda ba\u015flayan Yunus Emre Fidan, Denizli\u2019de \u00e7e\u015fitli kul\u00fcplerde hem amat\u00f6r hem de profesyonel olarak forma giydi. 18 ya\u015f\u0131nda Eski\u015fehir\u2019de bir kul\u00fcpte oynama f\u0131rsat\u0131 yakalayan Fidan, k\u0131sa s\u00fcre sonra yeniden memleketine d\u00f6nerek kariyerine devam etti. Futbolculuk s\u00fcrecini e\u011fitimle desteklemek isteyen Fidan, \u00fcniversite e\u011fitimini tamamlad\u0131ktan sonra Kamu Personeli Se\u00e7me S\u0131nav\u0131\u2019nda (KPSS) elde etti\u011fi ba\u015far\u0131yla Denizli Adliyesi\u2019nde zab\u0131t katibi olarak g\u00f6reve ba\u015flad\u0131. Memuriyet hayat\u0131 boyunca futboldan kopmayan Fidan, hafta sonlar\u0131n\u0131 amat\u00f6r kul\u00fcplerde g\u00f6n\u00fcll\u00fc antren\u00f6rl\u00fck yaparak ge\u00e7irdi. 2016 y\u0131l\u0131nda Denizli\u2019nin Zeytink\u00f6y Mahallesi\u2019nde Ba\u011fba\u015f\u0131 Spor Kul\u00fcb\u00fc olan kendi spor kul\u00fcb\u00fcn\u00fc kuran Fidan, ba\u015flang\u0131\u00e7ta s\u0131n\u0131rl\u0131 say\u0131da \u00f6\u011frenciyle \u00e7\u0131kt\u0131\u011f\u0131 yolda k\u0131sa s\u00fcrede b\u00fcy\u00fcme kaydetti.<\/p>\n<p>Antren\u00f6rl\u00fck alan\u0131nda da destek sa\u011fl\u0131yor<br \/>\n<br \/>Antrenmanlar\u0131n\u0131 hafta i\u00e7i ve hafta sonu yo\u011fun bir tempoyla s\u00fcrd\u00fcren Fidan, yeti\u015ftirdi\u011fi sporcularla birlikte liglerde \u00f6nemli dereceler elde etti. Ayn\u0131 zamanda bir\u00e7ok gen\u00e7 futbolcunun farkl\u0131 kul\u00fcplere transfer olmas\u0131na da katk\u0131 sa\u011flad\u0131. 39 ya\u015f\u0131nda devlet memurlu\u011fundan istifa eden Fidan, art\u0131k t\u00fcm mesaisini gen\u00e7lere ay\u0131rd\u0131\u011f\u0131n\u0131 belirterek, &#8220;Hayalim kendi kul\u00fcb\u00fcm\u00fc kurmak ve \u00f6zg\u00fcrce antrenman programlar\u0131m\u0131 uygulamakt\u0131. Bug\u00fcn geldi\u011fimiz noktada hem ba\u015far\u0131lar elde ediyoruz hem de gen\u00e7lerin \u00f6n\u00fcn\u00fc a\u00e7\u0131yoruz&#8221; dedi. Gen\u00e7lere hedeflerinden vazge\u00e7memeleri \u00e7a\u011fr\u0131s\u0131nda bulunan Fidan, azim ve istikrarla \u00e7al\u0131\u015fman\u0131n ba\u015far\u0131y\u0131 getirdi\u011fini vurgulad\u0131.<br \/>\n<br \/>Gen\u00e7leri yeti\u015ftirmekle kalmayan ayn\u0131 zamanda UEFA A lisansa sahip antren\u00f6r Yunus Emre Fidan, minik sporcular\u0131n futbol geli\u015fimine katk\u0131 sa\u011flarken, \u00fcniversitelerin antren\u00f6rl\u00fck b\u00f6l\u00fcmlerinde e\u011fitim g\u00f6ren gen\u00e7lere de tecr\u00fcbelerini aktararak antren\u00f6rl\u00fck alan\u0131nda destek veriyor.<\/p>\n<p>&#8220;Her \u00e7ocu\u011fun hayali oldu\u011fu gibi biz de sokaklarda ba\u015flad\u0131k&#8221;<br \/>\n<br \/>Futbola sokaklarda ba\u015flad\u0131\u011f\u0131n\u0131 ve profesyonel olarak farkl\u0131 kul\u00fcplerde oynad\u0131\u011f\u0131n\u0131 belirten Yunus Emre Fidan, &#8220;20 y\u0131ldan beri futbol antren\u00f6rl\u00fc\u011f\u00fc yapmaktay\u0131m. 8 ya\u015f\u0131nda her \u00e7ocu\u011fun hayali oldu\u011fu gibi bizde sokaklarda ba\u015flad\u0131k. Sonras\u0131nda ise Denizli\u2019de bir futbol kul\u00fcb\u00fcnde sporcu olarak ba\u015flad\u0131m. Sonras\u0131nda Denizli i\u00e7inde hem profesyonel hem de amat\u00f6r olarak futbolculuk yapt\u0131m. 18 ya\u015f\u0131nda ise Denizli d\u0131\u015f\u0131na \u00e7\u0131karak Eski\u015fehir\u2019de bir futbol kul\u00fcb\u00fcnde futbol oynamaya gittim. Sonras\u0131nda ise k\u0131sa s\u00fcre i\u00e7erisinde Denizli\u2019ye gelerek futbol oynamaya devam ettim. Ayn\u0131 s\u00fcre zarf\u0131nda \u00fcniversite s\u0131navlar\u0131na haz\u0131rland\u0131m. Bu futbolu \u00e7ocuklar\u0131m\u0131z\u0131 ve gen\u00e7lerimizi daha iyi anlatabilmek ve daha iyi uygulayabilmek ad\u0131na \u00fcniversitesini bitirdim. \u00dcniversite s\u00fcrecinin ard\u0131ndan ise tabi futboldan hi\u00e7 bir zaman kopmad\u0131k. \u00dcniversitenin ard\u0131ndan KPSS s\u0131nav\u0131na girdim ve iyi bir sonu\u00e7 ald\u0131m. Ama bunun sonucunda kendi b\u00f6l\u00fcm\u00fcmden ayr\u0131 bir mesle\u011fe ge\u00e7tim. Ama bu s\u00fcre zarf\u0131nda futboldan veya herhangibi bir spordan kopamad\u0131k. KPSS\u2019den ald\u0131\u011f\u0131m puan neticesinde Denizli Adliyesinde zab\u0131t katibi olarak g\u00f6reve ba\u015flad\u0131m. G\u00f6reve ba\u015flad\u0131ktan sonra da hala daha amat\u00f6r kul\u00fcplerde antren\u00f6rl\u00fck yapmaya devam ediyordum&#8221; diye konu\u015ftu.<\/p>\n<p>&#8220;39 ya\u015f\u0131na geldi\u011fimde devlet memurlu\u011fundan istifa ederek, gen\u00e7lerimiz ile antrenmanlar yap\u0131yoruz&#8221;<br \/>\n<br \/>39 ya\u015f\u0131na geldi\u011finde devlet memurlu\u011fundan istifa ederek hayali olan futbol kul\u00fcb\u00fcn\u00fc devam eden antren\u00f6r Fidan, &#8220;Devlet memuru iken hala daha cumartesi ve pazar g\u00fcnleri g\u00f6n\u00fcll\u00fc olarak bir\u00e7ok kul\u00fcpte antren\u00f6rl\u00fck yapt\u0131m. 2016 y\u0131l\u0131nda ise kendi ad\u0131ma kul\u00fcp a\u00e7t\u0131m. \u00c7ok az \u00f6\u011frencim vard\u0131 ama belli bir s\u00fcre sonra \u00f6\u011frenci say\u0131m baya bir y\u00fckselmi\u015fti. Devlet memurlu\u011funu devam ederken gen\u00e7lerimizi \u00f6n\u00fcn\u00fc a\u00e7mak ad\u0131na hafta sonlar\u0131 ve hafta i\u00e7i olmak \u00fczere yo\u011fun bir tempoda antrenmanlar\u0131m\u0131z\u0131 s\u00fcrd\u00fcrmekteydik. 39 ya\u015f\u0131na geldi\u011fimde devlet memurlu\u011fundan istifa ederek gen\u00e7lerimiz ile birlikte haftan\u0131n 7 g\u00fcn\u00fc boyunca \u00e7ok yo\u011fun bir tempoda haz\u0131rl\u0131klar\u0131m\u0131z\u0131 ve antrenman s\u00fcrecimizi s\u00fcrd\u00fcr\u00fcyoruz. Burada \u00e7ok yetenekli \u00e7ocuklar\u0131m\u0131z yeti\u015fiyor. Hem ligde ma\u00e7larda \u015fampiyonluklar ya\u015fayarak hem de bir\u00e7ok \u00f6\u011frencimizi farkl\u0131 kul\u00fcplere veriyoruz&#8221; ifadelerini kulland\u0131.<\/p>\n<p>&#8220;\u00c7ocukluk hayalimi ba\u015fard\u0131\u011f\u0131m i\u00e7in kendimle \u00e7ok gurur duyuyorum&#8221;<br \/>\n<br \/>\u00c7ocukluktaki hayalini ger\u00e7ekle\u015ftirdi\u011fi i\u00e7in \u00e7ok mutlu oldu\u011funu ve \u015fimdiki gen\u00e7ler i\u00e7in hayallerinin pe\u015finden ko\u015fmas\u0131 gerekti\u011fini belirten Fidan, &#8220;\u00c7ocukluktaki en b\u00fcy\u00fck hayalim belki de \u00e7ok uzak bir hayaldi, bir futbol kul\u00fcb\u00fc kurmakt\u0131 ve bu futbol kul\u00fcb\u00fcn\u00fcn antren\u00f6r\u00fc olmakt\u0131. Hi\u00e7 kimseye ba\u011fl\u0131 kalmaks\u0131z\u0131n sadece kendi antrenman periyotlar\u0131m\u0131 yans\u0131tmak en b\u00fcy\u00fck hayalimdi. Ve bunu ba\u015fard\u0131\u011f\u0131m i\u00e7in de kendimle \u00e7ok gurur duyuyorum. Hi\u00e7bir zaman hi\u00e7bir evlad\u0131m\u0131z hedeflerinden \u015fa\u015fmas\u0131nlar. Bu hayata bir defa geliyoruz her zaman ideallerimizi mutlaka ya\u015famam\u0131z gerekiyor&#8221; diye konu\u015ftu.<br \/><\/p>\n","protected":false},"excerpt":{"rendered":"<p>Denizli\u2019de 20 y\u0131ld\u0131r futbol antren\u00f6rl\u00fc\u011f\u00fc yapan Yunus Emre Fidan, 8 ya\u015f\u0131nda sokaklarda ba\u015flad\u0131\u011f\u0131 futbol ser\u00fcvenini kendi kul\u00fcb\u00fcn\u00fc kurarak hayata ge\u00e7irdi. Uzun y\u0131llar devlet memurlu\u011fu yapan Fidan, gen\u00e7 sporculara daha fazla katk\u0131 sa\u011flamak ad\u0131na g\u00f6revinden istifa ederek t\u00fcm zaman\u0131n\u0131 futbola adad\u0131\u011f\u0131n\u0131 belirterek, &#8220;\u00c7ocukluktaki hayalimi ba\u015fard\u0131\u011f\u0131m i\u00e7in kendimle \u00e7ok gurur duyuyorum&#8221; dedi. Futbola 8 ya\u015f\u0131nda ba\u015flayan Yunus&#8230;<\/p>\n","protected":false},"author":1,"featured_media":99171,"comment_status":"open","ping_status":"open","sticky":false,"template":"","format":"standard","meta":{"_crdt_document":"","footnotes":""},"categories":[4],"tags":[],"class_list":["post-99170","post","type-post","status-publish","format-standard","has-post-thumbnail","hentry","category-spor"],"_links":{"self":[{"href":"https:\/\/www.egemtv.com\/index.php?rest_route=\/wp\/v2\/posts\/99170","targetHints":{"allow":["GET"]}}],"collection":[{"href":"https:\/\/www.egemtv.com\/index.php?rest_route=\/wp\/v2\/posts"}],"about":[{"href":"https:\/\/www.egemtv.com\/index.php?rest_route=\/wp\/v2\/types\/post"}],"author":[{"embeddable":true,"href":"https:\/\/www.egemtv.com\/index.php?rest_route=\/wp\/v2\/users\/1"}],"replies":[{"embeddable":true,"href":"https:\/\/www.egemtv.com\/index.php?rest_route=%2Fwp%2Fv2%2Fcomments&post=99170"}],"version-history":[{"count":1,"href":"https:\/\/www.egemtv.com\/index.php?rest_route=\/wp\/v2\/posts\/99170\/revisions"}],"predecessor-version":[{"id":99172,"href":"https:\/\/www.egemtv.com\/index.php?rest_route=\/wp\/v2\/posts\/99170\/revisions\/99172"}],"wp:featuredmedia":[{"embeddable":true,"href":"https:\/\/www.egemtv.com\/index.php?rest_route=\/wp\/v2\/media\/99171"}],"wp:attachment":[{"href":"https:\/\/www.egemtv.com\/index.php?rest_route=%2Fwp%2Fv2%2Fmedia&parent=99170"}],"wp:term":[{"taxonomy":"category","embeddable":true,"href":"https:\/\/www.egemtv.com\/index.php?rest_route=%2Fwp%2Fv2%2Fcategories&post=99170"},{"taxonomy":"post_tag","embeddable":true,"href":"https:\/\/www.egemtv.com\/index.php?rest_route=%2Fwp%2Fv2%2Ftags&post=99170"}],"curies":[{"name":"wp","href":"https:\/\/api.w.org\/{rel}","templated":true}]}}