{"id":99164,"date":"2026-04-26T10:45:46","date_gmt":"2026-04-26T07:45:46","guid":{"rendered":"https:\/\/www.egemtv.com\/?p=99164"},"modified":"2026-04-26T10:45:47","modified_gmt":"2026-04-26T07:45:47","slug":"akbas-barajinda-doluluk-orani-yuzde-82ye-ulasarak-son-9-yilin-en-yuksek-seviyesine-cikti","status":"publish","type":"post","link":"https:\/\/www.egemtv.com\/?p=99164","title":{"rendered":"Akba\u015f Baraj\u0131nda doluluk oran\u0131 y\u00fczde 82\u2019ye ula\u015farak son 9 y\u0131l\u0131n en y\u00fcksek seviyesine \u00e7\u0131kt\u0131"},"content":{"rendered":"<p>Denizli\u2019nin i\u00e7me suyu ve tar\u0131msal sulama a\u00e7\u0131s\u0131ndan hayati \u00f6neme sahip Akba\u015f Baraj\u0131\u2019nda doluluk oran\u0131 y\u00fczde 82\u2019ye ula\u015farak son 9 y\u0131l\u0131n en y\u00fcksek seviyesine \u00e7\u0131kt\u0131. Kurakl\u0131k nedeniyle alarm veren barajdaki y\u00fckseli\u015f, \u00e7ift\u00e7ilerin ve vatanda\u015flar\u0131n y\u00fcz\u00fcn\u00fc g\u00fcld\u00fcrd\u00fc.<\/p>\n<p>Denizli\u2019nin can damar\u0131 olarak nitelendirilen Akba\u015f Baraj\u0131\u2019nda k\u0131\u015f ve ilkbahar ya\u011f\u0131\u015flar\u0131n\u0131n etkisiyle su seviyesi \u00f6nemli \u00f6l\u00e7\u00fcde artt\u0131. 2017 y\u0131l\u0131nda su tutmaya ba\u015flayan barajda yap\u0131lan son \u00f6l\u00e7\u00fcmlerde doluluk oran\u0131n\u0131n y\u00fczde 82 band\u0131na y\u00fckseldi\u011fi tespit edildi. Bu oran, baraj\u0131n hizmete girdi\u011fi tarihten bu yana kaydedilen en y\u00fcksek seviyeler aras\u0131nda yer ald\u0131. \u00d6zellikle 2024 ve 2025 y\u0131llar\u0131nda ya\u015fanan kurakl\u0131k nedeniyle su seviyesindeki d\u00fc\u015f\u00fc\u015f endi\u015fe olu\u015ftururken, 2026 y\u0131l\u0131 ya\u011f\u0131\u015flar\u0131 tabloyu tersine \u00e7evirdi. Uzun s\u00fcredir d\u00fc\u015f\u00fck su seviyesi nedeniyle tedirginlik ya\u015fanan kentte, barajdaki y\u00fckseli\u015f memnuniyetle kar\u015f\u0131land\u0131.<\/p>\n<p>Denizli\u2019de son iki y\u0131lda etkili olan kurakl\u0131\u011f\u0131n tar\u0131msal \u00fcretim ve i\u00e7me suyu kaynaklar\u0131 \u00fczerinde bask\u0131 olu\u015fturdu\u011fu, Akba\u015f Baraj\u0131\u2019ndaki art\u0131\u015f\u0131n ise hem tar\u0131msal sulama hem de \u015fehir su y\u00f6netimi a\u00e7\u0131s\u0131ndan \u00f6nemli rahatlama sa\u011flad\u0131\u011f\u0131 belirtildi. Uzmanlar, doluluk oran\u0131ndaki art\u0131\u015f\u0131n d\u00fczenli ya\u011f\u0131\u015f rejiminin sonucu oldu\u011funu ifade ederken, mevcut seviyenin yaz aylar\u0131 \u00f6ncesinde stratejik avantaj sundu\u011funu vurgulad\u0131. Yetkililer ise su kaynaklar\u0131n\u0131n korunmas\u0131 ve suyun verimli kullan\u0131lmas\u0131 konusunda uyar\u0131larda bulundu.<br \/><\/p>\n","protected":false},"excerpt":{"rendered":"<p>Denizli\u2019nin i\u00e7me suyu ve tar\u0131msal sulama a\u00e7\u0131s\u0131ndan hayati \u00f6neme sahip Akba\u015f Baraj\u0131\u2019nda doluluk oran\u0131 y\u00fczde 82\u2019ye ula\u015farak son 9 y\u0131l\u0131n en y\u00fcksek seviyesine \u00e7\u0131kt\u0131. Kurakl\u0131k nedeniyle alarm veren barajdaki y\u00fckseli\u015f, \u00e7ift\u00e7ilerin ve vatanda\u015flar\u0131n y\u00fcz\u00fcn\u00fc g\u00fcld\u00fcrd\u00fc. Denizli\u2019nin can damar\u0131 olarak nitelendirilen Akba\u015f Baraj\u0131\u2019nda k\u0131\u015f ve ilkbahar ya\u011f\u0131\u015flar\u0131n\u0131n etkisiyle su seviyesi \u00f6nemli \u00f6l\u00e7\u00fcde artt\u0131. 2017 y\u0131l\u0131nda su&#8230;<\/p>\n","protected":false},"author":1,"featured_media":99165,"comment_status":"open","ping_status":"open","sticky":false,"template":"","format":"standard","meta":{"_crdt_document":"","footnotes":""},"categories":[1],"tags":[],"class_list":["post-99164","post","type-post","status-publish","format-standard","has-post-thumbnail","hentry","category-guncel"],"_links":{"self":[{"href":"https:\/\/www.egemtv.com\/index.php?rest_route=\/wp\/v2\/posts\/99164","targetHints":{"allow":["GET"]}}],"collection":[{"href":"https:\/\/www.egemtv.com\/index.php?rest_route=\/wp\/v2\/posts"}],"about":[{"href":"https:\/\/www.egemtv.com\/index.php?rest_route=\/wp\/v2\/types\/post"}],"author":[{"embeddable":true,"href":"https:\/\/www.egemtv.com\/index.php?rest_route=\/wp\/v2\/users\/1"}],"replies":[{"embeddable":true,"href":"https:\/\/www.egemtv.com\/index.php?rest_route=%2Fwp%2Fv2%2Fcomments&post=99164"}],"version-history":[{"count":1,"href":"https:\/\/www.egemtv.com\/index.php?rest_route=\/wp\/v2\/posts\/99164\/revisions"}],"predecessor-version":[{"id":99166,"href":"https:\/\/www.egemtv.com\/index.php?rest_route=\/wp\/v2\/posts\/99164\/revisions\/99166"}],"wp:featuredmedia":[{"embeddable":true,"href":"https:\/\/www.egemtv.com\/index.php?rest_route=\/wp\/v2\/media\/99165"}],"wp:attachment":[{"href":"https:\/\/www.egemtv.com\/index.php?rest_route=%2Fwp%2Fv2%2Fmedia&parent=99164"}],"wp:term":[{"taxonomy":"category","embeddable":true,"href":"https:\/\/www.egemtv.com\/index.php?rest_route=%2Fwp%2Fv2%2Fcategories&post=99164"},{"taxonomy":"post_tag","embeddable":true,"href":"https:\/\/www.egemtv.com\/index.php?rest_route=%2Fwp%2Fv2%2Ftags&post=99164"}],"curies":[{"name":"wp","href":"https:\/\/api.w.org\/{rel}","templated":true}]}}