{"id":9915,"date":"2025-01-17T12:23:50","date_gmt":"2025-01-17T09:23:50","guid":{"rendered":"https:\/\/www.egemtv.com\/?p=9915"},"modified":"2025-01-17T12:23:52","modified_gmt":"2025-01-17T09:23:52","slug":"yalniz-yasayan-kadin-evinde-olu-bulundu","status":"publish","type":"post","link":"https:\/\/www.egemtv.com\/?p=9915","title":{"rendered":"Yaln\u0131z ya\u015fayan kad\u0131n evinde \u00f6l\u00fc bulundu"},"content":{"rendered":"<p>Manisa\u2019n\u0131n Ala\u015fehir il\u00e7esinde yaln\u0131z ya\u015fad\u0131\u011f\u0131 evinden bir haftad\u0131r d\u0131\u015far\u0131ya \u00e7\u0131kmad\u0131\u011f\u0131 ihbar\u0131 yap\u0131lan 72 ya\u015f\u0131ndaki Saadet Tokg\u00f6z (72) evinde \u00f6l\u00fc olarak bulundu.<br \/>\n<br \/>Ala\u015fehir So\u011fuksu Mahallesi \u015eehit Nuri Caddesi No:140\u2019ta oturan Saadet Tokg\u00f6z\u2019\u00fc kom\u015fular\u0131 yakla\u015f\u0131k bir haftadan beri d\u0131\u015far\u0131ya \u00e7\u0131kt\u0131\u011f\u0131n\u0131  g\u00f6remeyince, mahalle muhtar\u0131na haber verdi. Muhtar\u0131n saat 16.00 s\u0131ralar\u0131nda yapt\u0131\u011f\u0131 ihbar \u00fczerine olay yerine emniyet ve sa\u011fl\u0131k ekipleri sevk edildi. Kilitli olmayan kap\u0131 a\u00e7\u0131larak i\u00e7eriye girildi\u011finde, Saadet Tokg\u00f6z\u2019\u00fcn yerde yatan cesediyle kar\u015f\u0131la\u015fan ekipler, ilk incelemenin ard\u0131ndan cenazeyi, Ala\u015fehir Devlet Hastanesi morguna, buradan \u015f\u00fcpheli \u00f6l\u00fcm olarak \u0130zmir Adli T\u0131p Kurumuna g\u00f6nderdi.<br \/>\n<br \/>Yaln\u0131z ya\u015fad\u0131\u011f\u0131 ve hi\u00e7 evlenmedi\u011fi \u00f6\u011frenilen Saadet Tokg\u00f6z\u2019\u00fcn \u00f6l\u00fcm\u00fcyle ilgili ba\u015flat\u0131lan soru\u015fturma devam ediyor.<br \/><\/p>\n","protected":false},"excerpt":{"rendered":"<p>Manisa\u2019n\u0131n Ala\u015fehir il\u00e7esinde yaln\u0131z ya\u015fad\u0131\u011f\u0131 evinden bir haftad\u0131r d\u0131\u015far\u0131ya \u00e7\u0131kmad\u0131\u011f\u0131 ihbar\u0131 yap\u0131lan 72 ya\u015f\u0131ndaki Saadet Tokg\u00f6z (72) evinde \u00f6l\u00fc olarak bulundu. Ala\u015fehir So\u011fuksu Mahallesi \u015eehit Nuri Caddesi No:140\u2019ta oturan Saadet Tokg\u00f6z\u2019\u00fc kom\u015fular\u0131 yakla\u015f\u0131k bir haftadan beri d\u0131\u015far\u0131ya \u00e7\u0131kt\u0131\u011f\u0131n\u0131 g\u00f6remeyince, mahalle muhtar\u0131na haber verdi. Muhtar\u0131n saat 16.00 s\u0131ralar\u0131nda yapt\u0131\u011f\u0131 ihbar \u00fczerine olay yerine emniyet ve sa\u011fl\u0131k&#8230;<\/p>\n","protected":false},"author":1,"featured_media":9916,"comment_status":"open","ping_status":"open","sticky":false,"template":"","format":"standard","meta":{"_crdt_document":"","footnotes":""},"categories":[5],"tags":[],"class_list":["post-9915","post","type-post","status-publish","format-standard","has-post-thumbnail","hentry","category-asayis"],"_links":{"self":[{"href":"https:\/\/www.egemtv.com\/index.php?rest_route=\/wp\/v2\/posts\/9915","targetHints":{"allow":["GET"]}}],"collection":[{"href":"https:\/\/www.egemtv.com\/index.php?rest_route=\/wp\/v2\/posts"}],"about":[{"href":"https:\/\/www.egemtv.com\/index.php?rest_route=\/wp\/v2\/types\/post"}],"author":[{"embeddable":true,"href":"https:\/\/www.egemtv.com\/index.php?rest_route=\/wp\/v2\/users\/1"}],"replies":[{"embeddable":true,"href":"https:\/\/www.egemtv.com\/index.php?rest_route=%2Fwp%2Fv2%2Fcomments&post=9915"}],"version-history":[{"count":1,"href":"https:\/\/www.egemtv.com\/index.php?rest_route=\/wp\/v2\/posts\/9915\/revisions"}],"predecessor-version":[{"id":9917,"href":"https:\/\/www.egemtv.com\/index.php?rest_route=\/wp\/v2\/posts\/9915\/revisions\/9917"}],"wp:featuredmedia":[{"embeddable":true,"href":"https:\/\/www.egemtv.com\/index.php?rest_route=\/wp\/v2\/media\/9916"}],"wp:attachment":[{"href":"https:\/\/www.egemtv.com\/index.php?rest_route=%2Fwp%2Fv2%2Fmedia&parent=9915"}],"wp:term":[{"taxonomy":"category","embeddable":true,"href":"https:\/\/www.egemtv.com\/index.php?rest_route=%2Fwp%2Fv2%2Fcategories&post=9915"},{"taxonomy":"post_tag","embeddable":true,"href":"https:\/\/www.egemtv.com\/index.php?rest_route=%2Fwp%2Fv2%2Ftags&post=9915"}],"curies":[{"name":"wp","href":"https:\/\/api.w.org\/{rel}","templated":true}]}}