{"id":9912,"date":"2025-01-17T12:23:48","date_gmt":"2025-01-17T09:23:48","guid":{"rendered":"https:\/\/www.egemtv.com\/?p=9912"},"modified":"2025-01-17T12:23:50","modified_gmt":"2025-01-17T09:23:50","slug":"aslanapada-dogal-afetlerden-zarar-goren-147-ciftciye-sertifikali-nohut-tohumu-destegi","status":"publish","type":"post","link":"https:\/\/www.egemtv.com\/?p=9912","title":{"rendered":"Aslanapa\u2019da do\u011fal afetlerden zarar g\u00f6ren 147 \u00e7ift\u00e7iye sertifikal\u0131 nohut tohumu deste\u011fi"},"content":{"rendered":"<p>K\u00fctahya\u2019n\u0131n Aslanapa il\u00e7esinde do\u011fal afetlerden zarar g\u00f6ren 147 \u00e7ift\u00e7iye bin 520 dekar alan i\u00e7in sertifikal\u0131 nohut tohumu da\u011f\u0131t\u0131ld\u0131\u011f\u0131 bildirildi.<br \/>\n<br \/>\u201cCumhurba\u015fkanl\u0131\u011f\u0131 Do\u011fal Afetlerden Zarar G\u00f6ren \u00c7ift\u00e7ilere Tohum Deste\u011fi\u201d program\u0131 \u00e7er\u00e7evesinde \u0130l Tar\u0131m ve Orman M\u00fcd\u00fcr Vekili Abdullah D\u00f6nmez, Aslanapa \u0130l\u00e7e Tar\u0131m ve Orman M\u00fcd\u00fcr\u00fc Alptu\u011f Tekeli, Aslanapa Belediye Ba\u015fkan\u0131 Necati Kulik, Aslanapa Ziraat Odas\u0131 Ba\u015fkan\u0131 ve \u00e7ift\u00e7ilerin kat\u0131l\u0131m\u0131yla bir program d\u00fczenlendi.<br \/>\n<br \/>Aslanapa il\u00e7esinde ilk etapta 94 \u00fcreticiye arpa ve bu\u011fday sertifikal\u0131 tohum da\u011f\u0131t\u0131m\u0131 yap\u0131ld\u0131. \u0130kinci etapta yang\u0131ndan zarar g\u00f6ren \u00e7ift\u00e7iye nakdi destek verildi. Do\u011fal afetlerden zarar g\u00f6ren 147 \u00e7ift\u00e7iye ise bin 520 dekar alan i\u00e7in nohut sertifikal\u0131 tohum da\u011f\u0131t\u0131m\u0131 ger\u00e7ekle\u015ftirildi. Bu y\u0131l il\u00e7ede do\u011fal afetlerden zarar g\u00f6ren 242 \u00e7ift\u00e7iye 2,5 milyon TL tutar\u0131nda destek sa\u011fland\u0131.<br \/><\/p>\n","protected":false},"excerpt":{"rendered":"<p>K\u00fctahya\u2019n\u0131n Aslanapa il\u00e7esinde do\u011fal afetlerden zarar g\u00f6ren 147 \u00e7ift\u00e7iye bin 520 dekar alan i\u00e7in sertifikal\u0131 nohut tohumu da\u011f\u0131t\u0131ld\u0131\u011f\u0131 bildirildi. \u201cCumhurba\u015fkanl\u0131\u011f\u0131 Do\u011fal Afetlerden Zarar G\u00f6ren \u00c7ift\u00e7ilere Tohum Deste\u011fi\u201d program\u0131 \u00e7er\u00e7evesinde \u0130l Tar\u0131m ve Orman M\u00fcd\u00fcr Vekili Abdullah D\u00f6nmez, Aslanapa \u0130l\u00e7e Tar\u0131m ve Orman M\u00fcd\u00fcr\u00fc Alptu\u011f Tekeli, Aslanapa Belediye Ba\u015fkan\u0131 Necati Kulik, Aslanapa Ziraat Odas\u0131 Ba\u015fkan\u0131 ve&#8230;<\/p>\n","protected":false},"author":1,"featured_media":9913,"comment_status":"open","ping_status":"open","sticky":false,"template":"","format":"standard","meta":{"_crdt_document":"","footnotes":""},"categories":[125],"tags":[],"class_list":["post-9912","post","type-post","status-publish","format-standard","has-post-thumbnail","hentry","category-ekonomi"],"_links":{"self":[{"href":"https:\/\/www.egemtv.com\/index.php?rest_route=\/wp\/v2\/posts\/9912","targetHints":{"allow":["GET"]}}],"collection":[{"href":"https:\/\/www.egemtv.com\/index.php?rest_route=\/wp\/v2\/posts"}],"about":[{"href":"https:\/\/www.egemtv.com\/index.php?rest_route=\/wp\/v2\/types\/post"}],"author":[{"embeddable":true,"href":"https:\/\/www.egemtv.com\/index.php?rest_route=\/wp\/v2\/users\/1"}],"replies":[{"embeddable":true,"href":"https:\/\/www.egemtv.com\/index.php?rest_route=%2Fwp%2Fv2%2Fcomments&post=9912"}],"version-history":[{"count":1,"href":"https:\/\/www.egemtv.com\/index.php?rest_route=\/wp\/v2\/posts\/9912\/revisions"}],"predecessor-version":[{"id":9914,"href":"https:\/\/www.egemtv.com\/index.php?rest_route=\/wp\/v2\/posts\/9912\/revisions\/9914"}],"wp:featuredmedia":[{"embeddable":true,"href":"https:\/\/www.egemtv.com\/index.php?rest_route=\/wp\/v2\/media\/9913"}],"wp:attachment":[{"href":"https:\/\/www.egemtv.com\/index.php?rest_route=%2Fwp%2Fv2%2Fmedia&parent=9912"}],"wp:term":[{"taxonomy":"category","embeddable":true,"href":"https:\/\/www.egemtv.com\/index.php?rest_route=%2Fwp%2Fv2%2Fcategories&post=9912"},{"taxonomy":"post_tag","embeddable":true,"href":"https:\/\/www.egemtv.com\/index.php?rest_route=%2Fwp%2Fv2%2Ftags&post=9912"}],"curies":[{"name":"wp","href":"https:\/\/api.w.org\/{rel}","templated":true}]}}