{"id":9909,"date":"2025-01-17T12:19:25","date_gmt":"2025-01-17T09:19:25","guid":{"rendered":"https:\/\/www.egemtv.com\/?p=9909"},"modified":"2025-01-17T12:19:27","modified_gmt":"2025-01-17T09:19:27","slug":"kirmizi-isik-ihlali-yapan-otomobil-motosiklete-carpti-1-yarali","status":"publish","type":"post","link":"https:\/\/www.egemtv.com\/?p=9909","title":{"rendered":"K\u0131rm\u0131z\u0131 \u0131\u015f\u0131k ihlali yapan otomobil motosiklete \u00e7arpt\u0131: 1 yaral\u0131"},"content":{"rendered":"<p>Denizli\u2019nin Merkezefendi il\u00e7esinde k\u0131rm\u0131z\u0131 \u0131\u015f\u0131k ihlali yapt\u0131\u011f\u0131 iddia edilen otomobil s\u00fcr\u00fcc\u00fcs\u00fc, seyir haline ge\u00e7en motosiklete \u00e7arpt\u0131. \u00c7arpman\u0131n etkisiyle otomobil ve motosiklette maddi hasar olu\u015furken, motosiklet s\u00fcr\u00fcc\u00fcs\u00fc yaraland\u0131.<br \/>\n<br \/>Kaza, Merkezefendi il\u00e7esi Saraylar Mahallesi\u2019nde meydana geldi. Edinilen bilgilere g\u00f6re, H.Y. idaresindeki 48 APH 636 plakal\u0131 otomobil, iddiaya g\u00f6re k\u0131rm\u0131z\u0131 \u0131\u015f\u0131k ihlali yaparak seyir halindeki Kadir F.\u2019nin kulland\u0131\u011f\u0131 20 AOJ 005 plakal\u0131 motosiklete \u00e7arpt\u0131. Kazay\u0131 g\u00f6ren \u00e7evredeki vatanda\u015flar durumu 112 Acil \u00c7a\u011fr\u0131 Merkezine bildirdi. \u0130hbar \u00fczerine b\u00f6lgeye sa\u011fl\u0131k ve polis ekipleri sevk edildi. Olay yerine gelen sa\u011fl\u0131k ekiplerinin ilk m\u00fcdahaleyi yapt\u0131\u011f\u0131 motosiklet s\u00fcr\u00fcc\u00fcs\u00fc daha sonra ambulans ile \u00e7evre hastaneye sevk edildi.<br \/>\n<br \/>Kazayla ile ilgili soru\u015fturma ba\u015flat\u0131ld\u0131.<br \/><\/p>\n","protected":false},"excerpt":{"rendered":"<p>Denizli\u2019nin Merkezefendi il\u00e7esinde k\u0131rm\u0131z\u0131 \u0131\u015f\u0131k ihlali yapt\u0131\u011f\u0131 iddia edilen otomobil s\u00fcr\u00fcc\u00fcs\u00fc, seyir haline ge\u00e7en motosiklete \u00e7arpt\u0131. \u00c7arpman\u0131n etkisiyle otomobil ve motosiklette maddi hasar olu\u015furken, motosiklet s\u00fcr\u00fcc\u00fcs\u00fc yaraland\u0131. Kaza, Merkezefendi il\u00e7esi Saraylar Mahallesi\u2019nde meydana geldi. Edinilen bilgilere g\u00f6re, H.Y. idaresindeki 48 APH 636 plakal\u0131 otomobil, iddiaya g\u00f6re k\u0131rm\u0131z\u0131 \u0131\u015f\u0131k ihlali yaparak seyir halindeki Kadir F.\u2019nin kulland\u0131\u011f\u0131&#8230;<\/p>\n","protected":false},"author":1,"featured_media":9910,"comment_status":"open","ping_status":"open","sticky":false,"template":"","format":"standard","meta":{"_crdt_document":"","footnotes":""},"categories":[5],"tags":[],"class_list":["post-9909","post","type-post","status-publish","format-standard","has-post-thumbnail","hentry","category-asayis"],"_links":{"self":[{"href":"https:\/\/www.egemtv.com\/index.php?rest_route=\/wp\/v2\/posts\/9909","targetHints":{"allow":["GET"]}}],"collection":[{"href":"https:\/\/www.egemtv.com\/index.php?rest_route=\/wp\/v2\/posts"}],"about":[{"href":"https:\/\/www.egemtv.com\/index.php?rest_route=\/wp\/v2\/types\/post"}],"author":[{"embeddable":true,"href":"https:\/\/www.egemtv.com\/index.php?rest_route=\/wp\/v2\/users\/1"}],"replies":[{"embeddable":true,"href":"https:\/\/www.egemtv.com\/index.php?rest_route=%2Fwp%2Fv2%2Fcomments&post=9909"}],"version-history":[{"count":1,"href":"https:\/\/www.egemtv.com\/index.php?rest_route=\/wp\/v2\/posts\/9909\/revisions"}],"predecessor-version":[{"id":9911,"href":"https:\/\/www.egemtv.com\/index.php?rest_route=\/wp\/v2\/posts\/9909\/revisions\/9911"}],"wp:featuredmedia":[{"embeddable":true,"href":"https:\/\/www.egemtv.com\/index.php?rest_route=\/wp\/v2\/media\/9910"}],"wp:attachment":[{"href":"https:\/\/www.egemtv.com\/index.php?rest_route=%2Fwp%2Fv2%2Fmedia&parent=9909"}],"wp:term":[{"taxonomy":"category","embeddable":true,"href":"https:\/\/www.egemtv.com\/index.php?rest_route=%2Fwp%2Fv2%2Fcategories&post=9909"},{"taxonomy":"post_tag","embeddable":true,"href":"https:\/\/www.egemtv.com\/index.php?rest_route=%2Fwp%2Fv2%2Ftags&post=9909"}],"curies":[{"name":"wp","href":"https:\/\/api.w.org\/{rel}","templated":true}]}}