{"id":9906,"date":"2025-01-17T12:16:21","date_gmt":"2025-01-17T09:16:21","guid":{"rendered":"https:\/\/www.egemtv.com\/?p=9906"},"modified":"2025-01-17T12:16:23","modified_gmt":"2025-01-17T09:16:23","slug":"tavsanlida-nitelikli-is-gucu-icin-imzalar-atildi","status":"publish","type":"post","link":"https:\/\/www.egemtv.com\/?p=9906","title":{"rendered":"Tav\u015fanl\u0131\u2019da nitelikli i\u015f g\u00fcc\u00fc i\u00e7in imzalar at\u0131ld\u0131"},"content":{"rendered":"<p>K\u00fctahya\u2019n\u0131n Tav\u015fanl\u0131 il\u00e7esinde nitelikli i\u015f g\u00fcc\u00fc yeti\u015ftirme program\u0131 kapsam\u0131nda (N\u0130YEP) alt \u00e7al\u0131\u015fma kurulu ilk toplant\u0131s\u0131 ger\u00e7ekle\u015ftirdi.<br \/>\n<br \/>Tav\u015fanl\u0131 Ticaret ve Sanayi Odas\u0131 (TTSO) ile T\u00fcrkiye \u0130\u015f Kurumu (\u0130\u015eKUR) i\u015f birli\u011fiyle olu\u015fturulan Nitelikli \u0130\u015f G\u00fcc\u00fc Yeti\u015ftirme Program\u0131 (NIEP) alt \u00e7al\u0131\u015fma kurulu, ilk toplant\u0131s\u0131n\u0131 Tav\u015fanl\u0131 Ticaret ve Sanayi Odas\u0131 ev sahipli\u011finde ger\u00e7ekle\u015ftirdi. T\u00fcrkiye Odalar ve Borsalar Birli\u011fi ile T\u00fcrkiye \u0130\u015f Kurumu aras\u0131nda imzalanan i\u015f birli\u011fi protokol\u00fc \u00e7er\u00e7evesinde d\u00fczenlenen toplant\u0131ya, TTSO Y\u00f6netim Kurulu Ba\u015fkan Yard\u0131mc\u0131s\u0131 Mehmet S\u00f6zer, TTSO Genel Sekreteri \u0130brahim Akp\u0131nar, Tav\u015fanl\u0131 \u0130\u015eKUR Hizmet Merkezi M\u00fcd\u00fcr\u00fc Muhterem Aksoy ve \u0130\u015f ve Meslek Dan\u0131\u015fman\u0131 Salih Elyak kat\u0131l\u0131m sa\u011flad\u0131.<br \/>\n<br \/>Proje kapsamda ba\u015flat\u0131lacak mesleki e\u011fitim kurslar\u0131yla, i\u015f g\u00fcc\u00fc piyasas\u0131nda ihtiya\u00e7 duyulan niteliklere sahip bireylerin yeti\u015ftirilmesi, istihdam\u0131n art\u0131r\u0131lmas\u0131 ve i\u015fsizlerin mesleki yetkinliklerinin geli\u015ftirilmesi hedeflenmekte.  Toplant\u0131da, projeye dair genel bilgilendirme ve kat\u0131l\u0131m s\u00fcreci hakk\u0131nda a\u00e7\u0131klamalarda bulunuldu. Tav\u015fanl\u0131 Ticaret ve Sanayi Odas\u0131 \u00fcyelerinin, proje hakk\u0131nda detayl\u0131 bilgi almak i\u00e7in Tav\u015fanl\u0131 \u0130\u015eKUR Hizmet Merkezi M\u00fcd\u00fcrl\u00fc\u011f\u00fc veya Tav\u015fanl\u0131 Ticaret ve Sanayi Odas\u0131 ile ileti\u015fime ge\u00e7ebilece\u011fi belirtildi.<br \/>\n<br \/>Tav\u015fanl\u0131\u2019da i\u015f g\u00fcc\u00fc piyasas\u0131n\u0131n ihtiya\u00e7lar\u0131na y\u00f6nelik bu i\u015f birli\u011fiyle hayata ge\u00e7irilen projelerin b\u00f6lge ekonomisine \u00f6nemli katk\u0131lar sa\u011flamas\u0131 bekleniyor.<br \/><\/p>\n","protected":false},"excerpt":{"rendered":"<p>K\u00fctahya\u2019n\u0131n Tav\u015fanl\u0131 il\u00e7esinde nitelikli i\u015f g\u00fcc\u00fc yeti\u015ftirme program\u0131 kapsam\u0131nda (N\u0130YEP) alt \u00e7al\u0131\u015fma kurulu ilk toplant\u0131s\u0131 ger\u00e7ekle\u015ftirdi. Tav\u015fanl\u0131 Ticaret ve Sanayi Odas\u0131 (TTSO) ile T\u00fcrkiye \u0130\u015f Kurumu (\u0130\u015eKUR) i\u015f birli\u011fiyle olu\u015fturulan Nitelikli \u0130\u015f G\u00fcc\u00fc Yeti\u015ftirme Program\u0131 (NIEP) alt \u00e7al\u0131\u015fma kurulu, ilk toplant\u0131s\u0131n\u0131 Tav\u015fanl\u0131 Ticaret ve Sanayi Odas\u0131 ev sahipli\u011finde ger\u00e7ekle\u015ftirdi. T\u00fcrkiye Odalar ve Borsalar Birli\u011fi ile&#8230;<\/p>\n","protected":false},"author":1,"featured_media":9907,"comment_status":"open","ping_status":"open","sticky":false,"template":"","format":"standard","meta":{"_crdt_document":"","footnotes":""},"categories":[125],"tags":[],"class_list":["post-9906","post","type-post","status-publish","format-standard","has-post-thumbnail","hentry","category-ekonomi"],"_links":{"self":[{"href":"https:\/\/www.egemtv.com\/index.php?rest_route=\/wp\/v2\/posts\/9906","targetHints":{"allow":["GET"]}}],"collection":[{"href":"https:\/\/www.egemtv.com\/index.php?rest_route=\/wp\/v2\/posts"}],"about":[{"href":"https:\/\/www.egemtv.com\/index.php?rest_route=\/wp\/v2\/types\/post"}],"author":[{"embeddable":true,"href":"https:\/\/www.egemtv.com\/index.php?rest_route=\/wp\/v2\/users\/1"}],"replies":[{"embeddable":true,"href":"https:\/\/www.egemtv.com\/index.php?rest_route=%2Fwp%2Fv2%2Fcomments&post=9906"}],"version-history":[{"count":1,"href":"https:\/\/www.egemtv.com\/index.php?rest_route=\/wp\/v2\/posts\/9906\/revisions"}],"predecessor-version":[{"id":9908,"href":"https:\/\/www.egemtv.com\/index.php?rest_route=\/wp\/v2\/posts\/9906\/revisions\/9908"}],"wp:featuredmedia":[{"embeddable":true,"href":"https:\/\/www.egemtv.com\/index.php?rest_route=\/wp\/v2\/media\/9907"}],"wp:attachment":[{"href":"https:\/\/www.egemtv.com\/index.php?rest_route=%2Fwp%2Fv2%2Fmedia&parent=9906"}],"wp:term":[{"taxonomy":"category","embeddable":true,"href":"https:\/\/www.egemtv.com\/index.php?rest_route=%2Fwp%2Fv2%2Fcategories&post=9906"},{"taxonomy":"post_tag","embeddable":true,"href":"https:\/\/www.egemtv.com\/index.php?rest_route=%2Fwp%2Fv2%2Ftags&post=9906"}],"curies":[{"name":"wp","href":"https:\/\/api.w.org\/{rel}","templated":true}]}}