{"id":99047,"date":"2026-04-25T09:41:04","date_gmt":"2026-04-25T06:41:04","guid":{"rendered":"https:\/\/www.egemtv.com\/?p=99047"},"modified":"2026-04-25T09:41:05","modified_gmt":"2026-04-25T06:41:05","slug":"aydinda-17-ilcede-es-zamanli-yol-seferberligi","status":"publish","type":"post","link":"https:\/\/www.egemtv.com\/?p=99047","title":{"rendered":"Ayd\u0131n\u2019da 17 il\u00e7ede e\u015f zamanl\u0131 yol seferberli\u011fi"},"content":{"rendered":"<p>Ayd\u0131n B\u00fcy\u00fck\u015fehir Belediyesi ekipleri, kent genelinde cadde ve mahallelerde yol yap\u0131m, bak\u0131m ve yenileme \u00e7al\u0131\u015fmalar\u0131n\u0131 aral\u0131ks\u0131z s\u00fcrd\u00fcr\u00fcrken, Ba\u015fkan \u00d6zlem \u00c7er\u00e7io\u011flu &#8220;17 il\u00e7emizin tamam\u0131nda yat\u0131r\u0131mlar\u0131m\u0131z\u0131 s\u00fcrd\u00fcr\u00fcyoruz&#8221; dedi.<\/p>\n<p>Ayd\u0131n\u2019da B\u00fcy\u00fck\u015fehir Belediyesi taraf\u0131ndan y\u00fcr\u00fct\u00fclen yol yap\u0131m ve yenileme \u00e7al\u0131\u015fmalar\u0131 kentin d\u00f6rt bir yan\u0131nda h\u0131z kesmeden devam ediyor. Ayd\u0131n B\u00fcy\u00fck\u015fehir Belediyesi Fen \u0130\u015fleri Dairesi Ba\u015fkanl\u0131\u011f\u0131 ekipleri, 17 il\u00e7enin tamam\u0131nda e\u015f zamanl\u0131 olarak \u00e7al\u0131\u015fmalar\u0131n\u0131 s\u00fcrd\u00fcr\u00fcyor. Yap\u0131lan \u00e7al\u0131\u015fmalar kapsam\u0131nda Efeler il\u00e7esinde \u0130zmir, Anadolu, Sebahattin Ali, Bat\u0131 Ayd\u0131n, Do\u011fu Ayd\u0131n ve Zeytin Dal\u0131 bulvarlar\u0131 ile Kemer Mezarl\u0131\u011f\u0131, A1 kanal yolu, Pa\u015fa Yaylas\u0131, E\u011frikavak Mahallesi ve Fidanl\u0131k Caddesi\u2019nde \u00e7al\u0131\u015fmalar devam ediyor. Didim il\u00e7esinde 1001. Cadde, A\u015f\u0131k Veysel Caddesi, Adnan Menderes Bulvar\u0131 ve Akb\u00fck Mahallesi\u2019nde \u00e7al\u0131\u015fmalar s\u00fcrerken, S\u00f6ke il\u00e7esinde Fatih ve Adnan Kahveci caddeleri ile k\u0131rsal mahallelerde yol yenileme faaliyetleri ger\u00e7ekle\u015ftiriliyor. Nazilli\u2019de Hac\u0131 Nuri Caddesi ba\u015fta olmak \u00fczere \u00e7e\u015fitli noktalarda \u00e7al\u0131\u015fmalar devam ederken, Ku\u015fadas\u0131\u2019nda 3580. Cadde\u2019de, Yenipazar\u2019da \u0130lyas Caddesi ve Koyunlar Mahallesi\u2019nde \u00e7al\u0131\u015fmalar y\u00fcr\u00fct\u00fcl\u00fcyor. Ko\u00e7arl\u0131, Germencik, Buharkent, Kuyucak, \u0130ncirliova, Karacasu, K\u00f6\u015fk, Sultanhisar, \u00c7ine ve Bozdo\u011fan il\u00e7elerinde de bir\u00e7ok mahallede e\u015f zamanl\u0131 yol yap\u0131m ve bak\u0131m \u00e7al\u0131\u015fmalar\u0131 devam ediyor. K\u0131rsal mahallelerden kent merkezlerine kadar geni\u015f bir alanda s\u00fcrd\u00fcr\u00fclen \u00e7al\u0131\u015fmalar ile ula\u015f\u0131m\u0131n daha konforlu ve g\u00fcvenli hale getirilmesi hedefleniyor.<\/p>\n<p>Ayd\u0131n B\u00fcy\u00fck\u015fehir Belediye Ba\u015fkan\u0131 \u00d6zlem \u00c7er\u00e7io\u011flu, yat\u0131r\u0131mlar\u0131n artarak s\u00fcrece\u011fini belirterek, &#8220;17 il\u00e7emizin tamam\u0131nda alt ve \u00fcstyap\u0131 yat\u0131r\u0131mlar\u0131m\u0131z\u0131 e\u015f zamanl\u0131 olarak s\u00fcrd\u00fcr\u00fcyoruz. \u00c7al\u0131\u015fmalar\u0131m\u0131za her ge\u00e7en g\u00fcn yenilerini ekliyor, hizmetlerimizi hem\u015fehrilerimiz ile bulu\u015fturuyoruz. Hizmetle b\u00fcy\u00fcyen Ayd\u0131n i\u00e7in \u00e7al\u0131\u015fmalar\u0131m\u0131za devam edece\u011fiz&#8221; ifadelerini kulland\u0131.<br \/><\/p>\n","protected":false},"excerpt":{"rendered":"<p>Ayd\u0131n B\u00fcy\u00fck\u015fehir Belediyesi ekipleri, kent genelinde cadde ve mahallelerde yol yap\u0131m, bak\u0131m ve yenileme \u00e7al\u0131\u015fmalar\u0131n\u0131 aral\u0131ks\u0131z s\u00fcrd\u00fcr\u00fcrken, Ba\u015fkan \u00d6zlem \u00c7er\u00e7io\u011flu &#8220;17 il\u00e7emizin tamam\u0131nda yat\u0131r\u0131mlar\u0131m\u0131z\u0131 s\u00fcrd\u00fcr\u00fcyoruz&#8221; dedi. Ayd\u0131n\u2019da B\u00fcy\u00fck\u015fehir Belediyesi taraf\u0131ndan y\u00fcr\u00fct\u00fclen yol yap\u0131m ve yenileme \u00e7al\u0131\u015fmalar\u0131 kentin d\u00f6rt bir yan\u0131nda h\u0131z kesmeden devam ediyor. Ayd\u0131n B\u00fcy\u00fck\u015fehir Belediyesi Fen \u0130\u015fleri Dairesi Ba\u015fkanl\u0131\u011f\u0131 ekipleri, 17 il\u00e7enin tamam\u0131nda&#8230;<\/p>\n","protected":false},"author":1,"featured_media":99048,"comment_status":"open","ping_status":"open","sticky":false,"template":"","format":"standard","meta":{"_crdt_document":"","footnotes":""},"categories":[1],"tags":[],"class_list":["post-99047","post","type-post","status-publish","format-standard","has-post-thumbnail","hentry","category-guncel"],"_links":{"self":[{"href":"https:\/\/www.egemtv.com\/index.php?rest_route=\/wp\/v2\/posts\/99047","targetHints":{"allow":["GET"]}}],"collection":[{"href":"https:\/\/www.egemtv.com\/index.php?rest_route=\/wp\/v2\/posts"}],"about":[{"href":"https:\/\/www.egemtv.com\/index.php?rest_route=\/wp\/v2\/types\/post"}],"author":[{"embeddable":true,"href":"https:\/\/www.egemtv.com\/index.php?rest_route=\/wp\/v2\/users\/1"}],"replies":[{"embeddable":true,"href":"https:\/\/www.egemtv.com\/index.php?rest_route=%2Fwp%2Fv2%2Fcomments&post=99047"}],"version-history":[{"count":1,"href":"https:\/\/www.egemtv.com\/index.php?rest_route=\/wp\/v2\/posts\/99047\/revisions"}],"predecessor-version":[{"id":99049,"href":"https:\/\/www.egemtv.com\/index.php?rest_route=\/wp\/v2\/posts\/99047\/revisions\/99049"}],"wp:featuredmedia":[{"embeddable":true,"href":"https:\/\/www.egemtv.com\/index.php?rest_route=\/wp\/v2\/media\/99048"}],"wp:attachment":[{"href":"https:\/\/www.egemtv.com\/index.php?rest_route=%2Fwp%2Fv2%2Fmedia&parent=99047"}],"wp:term":[{"taxonomy":"category","embeddable":true,"href":"https:\/\/www.egemtv.com\/index.php?rest_route=%2Fwp%2Fv2%2Fcategories&post=99047"},{"taxonomy":"post_tag","embeddable":true,"href":"https:\/\/www.egemtv.com\/index.php?rest_route=%2Fwp%2Fv2%2Ftags&post=99047"}],"curies":[{"name":"wp","href":"https:\/\/api.w.org\/{rel}","templated":true}]}}