{"id":99044,"date":"2026-04-25T09:41:03","date_gmt":"2026-04-25T06:41:03","guid":{"rendered":"https:\/\/www.egemtv.com\/?p=99044"},"modified":"2026-04-25T09:41:04","modified_gmt":"2026-04-25T06:41:04","slug":"yurdunuseven-cezaevlerindeki-cocuklarin-suca-suruklenmelerinde-sosyal-medyanin-buyuk-etkisi-oldugunu-goruyoruz","status":"publish","type":"post","link":"https:\/\/www.egemtv.com\/?p=99044","title":{"rendered":"Yurdunuseven: &#8220;Cezaevlerindeki \u00e7ocuklar\u0131n su\u00e7a s\u00fcr\u00fcklenmelerinde sosyal medyan\u0131n b\u00fcy\u00fck etkisi oldu\u011funu g\u00f6r\u00fcyoruz&#8221;"},"content":{"rendered":"<p>T\u00fcrkiye B\u00fcy\u00fck Millet Meclisi (TBMM)\u2019deki 15 ya\u015f alt\u0131 \u00e7ocuklar\u0131n sosyal medya kullan\u0131m\u0131na y\u00f6nelik yap\u0131lan d\u00fczenlemeye ili\u015fkin TBMM Ba\u015fkanl\u0131k Divan\u0131 \u00dcyesi ve AK Parti Afyonkarahisar Milletvekili Av. \u0130brahim Yurdunuseven, cezaevlerindeki \u00e7ocuklar\u0131n su\u00e7a s\u00fcr\u00fcklenmelerinde sosyal medyan\u0131n b\u00fcy\u00fck bir etkisinin oldu\u011funu s\u00f6yledi.<br \/>\n<br \/>Sosyal medyaya ve do\u011fum iznine y\u00f6nelik d\u00fczenlemeleri de i\u00e7eren Sosyal Hizmetler Kanunu ve Baz\u0131 Kanunlarda De\u011fi\u015fiklik Yap\u0131lmas\u0131na Dair Kanun Teklifi, TBMM Genel Kurulu\u2019nda kabul edilerek yasala\u015ft\u0131. D\u00fczenleme ile 15 ya\u015f alt\u0131 \u00e7ocuklara y\u00f6nelik g\u00fcvenli dijital alanlar olu\u015fturularak kontroll\u00fc kullan\u0131m te\u015fvik edilecek. TBMM\u2019de 7 y\u0131l H\u00fck\u00fcml\u00fc ve Tutuklu Haklar\u0131 \u0130nceleme Alt Komisyonu ba\u015fkanl\u0131\u011f\u0131 yapt\u0131\u011f\u0131n\u0131 an\u0131msatan Yurdunuseven, d\u00fczenlemeyi de\u011ferlendirdi. H\u00fck\u00fcml\u00fc ve Tutuklu Haklar\u0131 \u0130nceleme Komisyonu olarak onlarca cezaevinde incelemelerde bulunduklar\u0131n\u0131 kaydeden Yurdunuseven, yapt\u0131klar\u0131 incelemelerde \u00f6zellikle \u00e7ocuk ya\u015ftaki h\u00fck\u00fcml\u00fclerin su\u00e7a s\u00fcr\u00fcklenmelerinde sosyal medyan\u0131n da etkisinin b\u00fcy\u00fck oldu\u011funa dikkat \u00e7ekti.<\/p>\n<p>&#8220;\u00c7ocuklar, su\u00e7 i\u015fleme \u015fekil ve materyallerine daha \u00e7ocuk ya\u015fta \u00e7ok kolay bir \u015fekilde ula\u015fabilmektedirler&#8221;<br \/>\n<br \/>Yurdunuseven konuya ili\u015fkin \u015fu ifadelere yer verdi:<br \/>\n<br \/>&#8220;Burada \u00f6zellikle dikkat \u00e7ekmemiz gereken hususlardan bir tanesi sosyal medyan\u0131n \u00e7ocuklar\u0131m\u0131z\u0131n su\u00e7 i\u015flemelerindeki ya da su\u00e7a y\u00f6nelmelerindeki etkisidir. Son y\u0131llarda \u00e7ocuklar\u0131n sosyal medyay\u0131 daha yayg\u0131n kullanmas\u0131yla, baz\u0131 platformlardaki \u00f6zendirici ve y\u00f6nlendirici i\u00e7erikler b\u00fcy\u00fck oranda k\u00fc\u00e7\u00fck ya\u015ftaki sosyal medya kullan\u0131c\u0131lar\u0131n\u0131 etkisi alt\u0131na almaktad\u0131r. Ge\u00e7ti\u011fimiz g\u00fcnlerde Kahramanmara\u015f\u2019ta bir okulda hepimizin y\u00fcre\u011fini s\u0131zlatan olay da bizlere bir kez daha g\u00f6stermi\u015ftir ki \u00e7ocuklar, su\u00e7 i\u015fleme \u015fekil ve materyallerine daha \u00e7ocuk ya\u015fta \u00e7ok kolay bir \u015fekilde ula\u015fabilmektedirler.&#8221;<\/p>\n<p>&#8220;Son y\u0131llarda sosyal medyan\u0131n da etkisiyle \u00e7ocuklar\u0131m\u0131z su\u00e7a s\u00fcr\u00fcklenmektedir&#8221;<br \/>\n<br \/>Cezaevlerindeki incelemelerde son y\u0131llarda \u00e7ocuk ya\u015fta h\u00fck\u00fcml\u00fc say\u0131s\u0131n\u0131n artt\u0131\u011f\u0131n\u0131 ve bunda sosyal medyan\u0131n da b\u00fcy\u00fck bir etkisinin oldu\u011funu kaydeden Yurdunuseven, &#8220;TBMM b\u00fcnyesinde 7 y\u0131l H\u00fck\u00fcml\u00fc ve Tutuklu Haklar\u0131 \u0130nceleme Komisyonu ba\u015fkanl\u0131\u011f\u0131 yapt\u0131m. Yurt i\u00e7inde ve yurt d\u0131\u015f\u0131ndaki cezaevlerinde incelemelerimiz oldu. Maalesef, \u00fcz\u00fclerek s\u00f6ylemek gerekir ki son y\u0131llarda sosyal medyan\u0131n da etkisiyle \u00e7ocuklar\u0131m\u0131z su\u00e7a s\u00fcr\u00fcklenmektedir. Bu noktada yap\u0131lan yeni d\u00fczenleme tamamen \u00e7ocuklar\u0131m\u0131z\u0131 ve T\u00fcrk aile yap\u0131s\u0131n\u0131 korumaya y\u00f6neliktir. Bu noktada ailelerimize de b\u00fcy\u00fck sorumluluklar d\u00fc\u015fmektedir. Sosyal medya eri\u015fimi noktas\u0131nda anne ve babalar\u0131m\u0131z kontrol\u00fc s\u00fcrekli elinde bulundurmal\u0131, gelecekte olu\u015fabilecek toplumsal sorunlar\u0131n \u00f6n\u00fcne ge\u00e7melidirler. 23 Nisan Ulusal Egemenlik ve \u00c7ocuk Bayram\u0131\u2019n\u0131 kutlad\u0131\u011f\u0131m\u0131z bu g\u00fcnde bu d\u00fczenleme, gelece\u011fimizin teminat\u0131 yavrular\u0131m\u0131z i\u00e7in son derece yerinde ve isabetli olmu\u015ftur&#8221; diye konu\u015ftu.<br \/><\/p>\n","protected":false},"excerpt":{"rendered":"<p>T\u00fcrkiye B\u00fcy\u00fck Millet Meclisi (TBMM)\u2019deki 15 ya\u015f alt\u0131 \u00e7ocuklar\u0131n sosyal medya kullan\u0131m\u0131na y\u00f6nelik yap\u0131lan d\u00fczenlemeye ili\u015fkin TBMM Ba\u015fkanl\u0131k Divan\u0131 \u00dcyesi ve AK Parti Afyonkarahisar Milletvekili Av. \u0130brahim Yurdunuseven, cezaevlerindeki \u00e7ocuklar\u0131n su\u00e7a s\u00fcr\u00fcklenmelerinde sosyal medyan\u0131n b\u00fcy\u00fck bir etkisinin oldu\u011funu s\u00f6yledi. Sosyal medyaya ve do\u011fum iznine y\u00f6nelik d\u00fczenlemeleri de i\u00e7eren Sosyal Hizmetler Kanunu ve Baz\u0131 Kanunlarda De\u011fi\u015fiklik&#8230;<\/p>\n","protected":false},"author":1,"featured_media":99045,"comment_status":"open","ping_status":"open","sticky":false,"template":"","format":"standard","meta":{"_crdt_document":"","footnotes":""},"categories":[127],"tags":[],"class_list":["post-99044","post","type-post","status-publish","format-standard","has-post-thumbnail","hentry","category-siyaset"],"_links":{"self":[{"href":"https:\/\/www.egemtv.com\/index.php?rest_route=\/wp\/v2\/posts\/99044","targetHints":{"allow":["GET"]}}],"collection":[{"href":"https:\/\/www.egemtv.com\/index.php?rest_route=\/wp\/v2\/posts"}],"about":[{"href":"https:\/\/www.egemtv.com\/index.php?rest_route=\/wp\/v2\/types\/post"}],"author":[{"embeddable":true,"href":"https:\/\/www.egemtv.com\/index.php?rest_route=\/wp\/v2\/users\/1"}],"replies":[{"embeddable":true,"href":"https:\/\/www.egemtv.com\/index.php?rest_route=%2Fwp%2Fv2%2Fcomments&post=99044"}],"version-history":[{"count":1,"href":"https:\/\/www.egemtv.com\/index.php?rest_route=\/wp\/v2\/posts\/99044\/revisions"}],"predecessor-version":[{"id":99046,"href":"https:\/\/www.egemtv.com\/index.php?rest_route=\/wp\/v2\/posts\/99044\/revisions\/99046"}],"wp:featuredmedia":[{"embeddable":true,"href":"https:\/\/www.egemtv.com\/index.php?rest_route=\/wp\/v2\/media\/99045"}],"wp:attachment":[{"href":"https:\/\/www.egemtv.com\/index.php?rest_route=%2Fwp%2Fv2%2Fmedia&parent=99044"}],"wp:term":[{"taxonomy":"category","embeddable":true,"href":"https:\/\/www.egemtv.com\/index.php?rest_route=%2Fwp%2Fv2%2Fcategories&post=99044"},{"taxonomy":"post_tag","embeddable":true,"href":"https:\/\/www.egemtv.com\/index.php?rest_route=%2Fwp%2Fv2%2Ftags&post=99044"}],"curies":[{"name":"wp","href":"https:\/\/api.w.org\/{rel}","templated":true}]}}