{"id":99041,"date":"2026-04-25T09:41:02","date_gmt":"2026-04-25T06:41:02","guid":{"rendered":"https:\/\/www.egemtv.com\/?p=99041"},"modified":"2026-04-25T09:41:03","modified_gmt":"2026-04-25T06:41:03","slug":"kocagol-lagununun-statusunun-belirlenmesi-icin-on-degerlendirme-ekibi-kurulacak","status":"publish","type":"post","link":"https:\/\/www.egemtv.com\/?p=99041","title":{"rendered":"Kocag\u00f6l Lag\u00fcn\u00fc\u2019n\u00fcn stat\u00fcs\u00fcn\u00fcn belirlenmesi i\u00e7in \u2019\u00d6n De\u011ferlendirme Ekibi\u2019 kurulacak"},"content":{"rendered":"<p>Ayd\u0131n\u2019\u0131n Ku\u015fadas\u0131 il\u00e7esindeki Kocag\u00f6l Lag\u00fcn\u00fc\u2019n\u00fcn stat\u00fcs\u00fcn\u00fcn belirlenmesi i\u00e7in \u00c7evre, \u015eehircilik ve \u0130klim De\u011fi\u015fikli\u011fi \u0130l M\u00fcd\u00fcrl\u00fc\u011f\u00fc koordinasyonunda \u2018\u00d6n De\u011ferlendirme Ekibi\u2019 kurulaca\u011f\u0131 a\u00e7\u0131kland\u0131. \u00d6n De\u011ferlendirme Ekibinin yapaca\u011f\u0131 \u00e7al\u0131\u015fmadan sonra haz\u0131rlayaca\u011f\u0131 raporu, Tabiat Varl\u0131klar\u0131n\u0131 Koruma Genel M\u00fcd\u00fcrl\u00fc\u011f\u00fc\u2019ne sunaca\u011f\u0131 bildirildi.<\/p>\n<p>G\u00fczel\u00e7aml\u0131 Mahallesi Me\u015felikuyu mevkindeki, Dilek Yar\u0131madas\u0131 Milli Park\u0131 s\u0131n\u0131r\u0131na 2 kilometre uzakl\u0131kta bulunan, Ku\u015fadas\u0131\u2019ndaki tek sulak alan\u0131 Kocag\u00f6l, son 30 y\u0131ldaki insan kaynakl\u0131 m\u00fcdahaleler nedeniyle zarar g\u00f6rd\u00fc. B\u00fcy\u00fck b\u00f6l\u00fcm\u00fcndeki sazl\u0131klar\u0131n yak\u0131larak arazi a\u00e7\u0131lmas\u0131 ve 1980\u2019li y\u0131llardan itibaren etraf\u0131n\u0131n tamamen sitelerle \u00e7evrilmesi, denize yakla\u015f\u0131k 30 metre uzakl\u0131ktaki Kocag\u00f6l\u2019e b\u00fcy\u00fck darbe vurdu. Bir\u00e7ok su ku\u015fu ve canl\u0131ya da ev sahipli\u011fi yapan g\u00f6l\u00fc besleyen Samson Da\u011f\u0131\u2019ndan gelen dere ve kanallar\u0131n \u00fczerlerinin kapat\u0131l\u0131p, yol yap\u0131lmas\u0131 da g\u00f6ldeki suyun iyice azalmas\u0131na neden oldu. Ku\u015fadas\u0131 Belediyesi ile Ku\u015fadas\u0131\u2019ndaki \u00e7evreci dernekler de \u00c7evre, \u015eehircilik ve \u0130klim De\u011fi\u015fikli\u011fi Bakanl\u0131\u011f\u0131\u2019na ba\u015fvuruda bulunup, Kocag\u00f6l\u2019\u00fcn korunmas\u0131 ve do\u011fal sit alan\u0131 olarak tescil edilmesini talep ettiler. Sosyal medya \u00fczerinden yaz\u0131l\u0131 bir bas\u0131n a\u00e7\u0131klamas\u0131 payla\u015fan Sivil Toplum Platformu, Kocag\u00f6l i\u00e7in \u00c7evre, \u015eehircilik ve \u0130klim De\u011fi\u015fikli\u011fi \u0130l M\u00fcd\u00fcrl\u00fc\u011f\u00fc koordinasyonunda \u2018\u00d6n De\u011ferlendirme Ekibi\u2019 kurulaca\u011f\u0131n\u0131 belirtti. A\u00e7\u0131klamada, &#8220;S\u00f6z konusu alan\u0131n potansiyel do\u011fal sit alan\u0131 olup olmad\u0131\u011f\u0131n\u0131n belirlenmesi amac\u0131yla Ayd\u0131n Valili\u011fi (\u00c7evre, \u015eehircilik ve \u0130klim De\u011fi\u015fikli\u011fi \u0130l M\u00fcd\u00fcrl\u00fc\u011f\u00fc) koordinasyonunda olu\u015fturulacak \u00d6n De\u011ferlendirme Ekibi taraf\u0131ndan inceleme yap\u0131laca\u011f\u0131, haz\u0131rlanacak raporun ilgili Tabiat Varl\u0131klar\u0131n\u0131 Koruma B\u00f6lge Komisyonu\u2019nda de\u011ferlendirilerek Genel M\u00fcd\u00fcrl\u00fc\u011fe iletilece\u011fi taraf\u0131m\u0131za bildirilmi\u015ftir&#8221; ifadelerine yer verildi.<br \/><\/p>\n","protected":false},"excerpt":{"rendered":"<p>Ayd\u0131n\u2019\u0131n Ku\u015fadas\u0131 il\u00e7esindeki Kocag\u00f6l Lag\u00fcn\u00fc\u2019n\u00fcn stat\u00fcs\u00fcn\u00fcn belirlenmesi i\u00e7in \u00c7evre, \u015eehircilik ve \u0130klim De\u011fi\u015fikli\u011fi \u0130l M\u00fcd\u00fcrl\u00fc\u011f\u00fc koordinasyonunda \u2018\u00d6n De\u011ferlendirme Ekibi\u2019 kurulaca\u011f\u0131 a\u00e7\u0131kland\u0131. \u00d6n De\u011ferlendirme Ekibinin yapaca\u011f\u0131 \u00e7al\u0131\u015fmadan sonra haz\u0131rlayaca\u011f\u0131 raporu, Tabiat Varl\u0131klar\u0131n\u0131 Koruma Genel M\u00fcd\u00fcrl\u00fc\u011f\u00fc\u2019ne sunaca\u011f\u0131 bildirildi. G\u00fczel\u00e7aml\u0131 Mahallesi Me\u015felikuyu mevkindeki, Dilek Yar\u0131madas\u0131 Milli Park\u0131 s\u0131n\u0131r\u0131na 2 kilometre uzakl\u0131kta bulunan, Ku\u015fadas\u0131\u2019ndaki tek sulak alan\u0131 Kocag\u00f6l, son&#8230;<\/p>\n","protected":false},"author":1,"featured_media":99042,"comment_status":"open","ping_status":"open","sticky":false,"template":"","format":"standard","meta":{"_crdt_document":"","footnotes":""},"categories":[1],"tags":[],"class_list":["post-99041","post","type-post","status-publish","format-standard","has-post-thumbnail","hentry","category-guncel"],"_links":{"self":[{"href":"https:\/\/www.egemtv.com\/index.php?rest_route=\/wp\/v2\/posts\/99041","targetHints":{"allow":["GET"]}}],"collection":[{"href":"https:\/\/www.egemtv.com\/index.php?rest_route=\/wp\/v2\/posts"}],"about":[{"href":"https:\/\/www.egemtv.com\/index.php?rest_route=\/wp\/v2\/types\/post"}],"author":[{"embeddable":true,"href":"https:\/\/www.egemtv.com\/index.php?rest_route=\/wp\/v2\/users\/1"}],"replies":[{"embeddable":true,"href":"https:\/\/www.egemtv.com\/index.php?rest_route=%2Fwp%2Fv2%2Fcomments&post=99041"}],"version-history":[{"count":1,"href":"https:\/\/www.egemtv.com\/index.php?rest_route=\/wp\/v2\/posts\/99041\/revisions"}],"predecessor-version":[{"id":99043,"href":"https:\/\/www.egemtv.com\/index.php?rest_route=\/wp\/v2\/posts\/99041\/revisions\/99043"}],"wp:featuredmedia":[{"embeddable":true,"href":"https:\/\/www.egemtv.com\/index.php?rest_route=\/wp\/v2\/media\/99042"}],"wp:attachment":[{"href":"https:\/\/www.egemtv.com\/index.php?rest_route=%2Fwp%2Fv2%2Fmedia&parent=99041"}],"wp:term":[{"taxonomy":"category","embeddable":true,"href":"https:\/\/www.egemtv.com\/index.php?rest_route=%2Fwp%2Fv2%2Fcategories&post=99041"},{"taxonomy":"post_tag","embeddable":true,"href":"https:\/\/www.egemtv.com\/index.php?rest_route=%2Fwp%2Fv2%2Ftags&post=99041"}],"curies":[{"name":"wp","href":"https:\/\/api.w.org\/{rel}","templated":true}]}}