{"id":99038,"date":"2026-04-25T09:41:00","date_gmt":"2026-04-25T06:41:00","guid":{"rendered":"https:\/\/www.egemtv.com\/?p=99038"},"modified":"2026-04-25T09:41:01","modified_gmt":"2026-04-25T06:41:01","slug":"germencik-belediyesinden-personele-is-guvenligi-egitimi","status":"publish","type":"post","link":"https:\/\/www.egemtv.com\/?p=99038","title":{"rendered":"Germencik Belediyesi\u2019nden personele i\u015f g\u00fcvenli\u011fi e\u011fitimi"},"content":{"rendered":"<p>Germencik Belediye personeline y\u00f6nelik d\u00fczenlenen e\u011fitimde, i\u015f kazalar\u0131n\u0131n \u00f6nlenmesi, acil durumlarda yap\u0131lmas\u0131 gerekenler ve g\u00fcvenli \u00e7al\u0131\u015fma y\u00f6ntemleri hakk\u0131nda bilgilendirme yap\u0131ld\u0131.<br \/>\n<br \/>Ayd\u0131n\u2019\u0131n Germencik il\u00e7esinde belediye personeline y\u00f6nelik i\u015f sa\u011fl\u0131\u011f\u0131 ve g\u00fcvenli\u011fi e\u011fitimi d\u00fczenlendi. Germencik Belediyesi taraf\u0131ndan ger\u00e7ekle\u015ftirilen e\u011fitim program\u0131nda, \u00e7al\u0131\u015fanlar\u0131n i\u015f g\u00fcvenli\u011fi konusunda bilin\u00e7lendirilmesi ama\u00e7land\u0131. Belediyenin i\u015f g\u00fcvenli\u011fi uzman\u0131 taraf\u0131ndan verilen e\u011fitimde, \u00e7al\u0131\u015fma alanlar\u0131nda al\u0131nmas\u0131 gereken \u00f6nlemler, i\u015f kazalar\u0131n\u0131n \u00f6nlenmesi, acil durumlarda yap\u0131lmas\u0131 gerekenler ve g\u00fcvenli \u00e7al\u0131\u015fma y\u00f6ntemleri hakk\u0131nda kapsaml\u0131 bilgiler aktar\u0131ld\u0131. Personelin g\u00fcnl\u00fck \u00e7al\u0131\u015fma hayat\u0131nda kar\u015f\u0131la\u015fabilece\u011fi risklere kar\u015f\u0131 daha haz\u0131rl\u0131kl\u0131 olmas\u0131 hedeflendi.<br \/>\n<br \/>Germencik Belediyesi\u2019nden yap\u0131lan a\u00e7\u0131klamada &#8220;\u0130\u015f sa\u011fl\u0131\u011f\u0131 ve g\u00fcvenli\u011fi konusunda fark\u0131ndal\u0131\u011f\u0131 art\u0131rmak amac\u0131yla, belediyemiz personeline y\u00f6nelik e\u011fitim program\u0131 ger\u00e7ekle\u015ftirildi. \u0130\u015f G\u00fcvenli\u011fi Uzman\u0131m\u0131z taraf\u0131ndan verilen e\u011fitimde; \u00e7al\u0131\u015fma alanlar\u0131nda al\u0131nmas\u0131 gereken \u00f6nlemler, i\u015f kazalar\u0131n\u0131n \u00f6nlenmesi, acil durumlarda yap\u0131lmas\u0131 gerekenler ve g\u00fcvenli \u00e7al\u0131\u015fma y\u00f6ntemleri hakk\u0131nda bilgilendirmelerde bulunuldu. Personelimizin sa\u011fl\u0131\u011f\u0131 ve g\u00fcvenli\u011fi i\u00e7in e\u011fitim \u00e7al\u0131\u015fmalar\u0131m\u0131z\u0131 belirli periyotlarda vermeye devam edece\u011fiz&#8221; ifadeleri yer ald\u0131.<br \/><\/p>\n","protected":false},"excerpt":{"rendered":"<p>Germencik Belediye personeline y\u00f6nelik d\u00fczenlenen e\u011fitimde, i\u015f kazalar\u0131n\u0131n \u00f6nlenmesi, acil durumlarda yap\u0131lmas\u0131 gerekenler ve g\u00fcvenli \u00e7al\u0131\u015fma y\u00f6ntemleri hakk\u0131nda bilgilendirme yap\u0131ld\u0131. Ayd\u0131n\u2019\u0131n Germencik il\u00e7esinde belediye personeline y\u00f6nelik i\u015f sa\u011fl\u0131\u011f\u0131 ve g\u00fcvenli\u011fi e\u011fitimi d\u00fczenlendi. Germencik Belediyesi taraf\u0131ndan ger\u00e7ekle\u015ftirilen e\u011fitim program\u0131nda, \u00e7al\u0131\u015fanlar\u0131n i\u015f g\u00fcvenli\u011fi konusunda bilin\u00e7lendirilmesi ama\u00e7land\u0131. Belediyenin i\u015f g\u00fcvenli\u011fi uzman\u0131 taraf\u0131ndan verilen e\u011fitimde, \u00e7al\u0131\u015fma alanlar\u0131nda al\u0131nmas\u0131 gereken&#8230;<\/p>\n","protected":false},"author":1,"featured_media":99039,"comment_status":"open","ping_status":"open","sticky":false,"template":"","format":"standard","meta":{"_crdt_document":"","footnotes":""},"categories":[1],"tags":[],"class_list":["post-99038","post","type-post","status-publish","format-standard","has-post-thumbnail","hentry","category-guncel"],"_links":{"self":[{"href":"https:\/\/www.egemtv.com\/index.php?rest_route=\/wp\/v2\/posts\/99038","targetHints":{"allow":["GET"]}}],"collection":[{"href":"https:\/\/www.egemtv.com\/index.php?rest_route=\/wp\/v2\/posts"}],"about":[{"href":"https:\/\/www.egemtv.com\/index.php?rest_route=\/wp\/v2\/types\/post"}],"author":[{"embeddable":true,"href":"https:\/\/www.egemtv.com\/index.php?rest_route=\/wp\/v2\/users\/1"}],"replies":[{"embeddable":true,"href":"https:\/\/www.egemtv.com\/index.php?rest_route=%2Fwp%2Fv2%2Fcomments&post=99038"}],"version-history":[{"count":1,"href":"https:\/\/www.egemtv.com\/index.php?rest_route=\/wp\/v2\/posts\/99038\/revisions"}],"predecessor-version":[{"id":99040,"href":"https:\/\/www.egemtv.com\/index.php?rest_route=\/wp\/v2\/posts\/99038\/revisions\/99040"}],"wp:featuredmedia":[{"embeddable":true,"href":"https:\/\/www.egemtv.com\/index.php?rest_route=\/wp\/v2\/media\/99039"}],"wp:attachment":[{"href":"https:\/\/www.egemtv.com\/index.php?rest_route=%2Fwp%2Fv2%2Fmedia&parent=99038"}],"wp:term":[{"taxonomy":"category","embeddable":true,"href":"https:\/\/www.egemtv.com\/index.php?rest_route=%2Fwp%2Fv2%2Fcategories&post=99038"},{"taxonomy":"post_tag","embeddable":true,"href":"https:\/\/www.egemtv.com\/index.php?rest_route=%2Fwp%2Fv2%2Ftags&post=99038"}],"curies":[{"name":"wp","href":"https:\/\/api.w.org\/{rel}","templated":true}]}}