{"id":99032,"date":"2026-04-25T09:05:42","date_gmt":"2026-04-25T06:05:42","guid":{"rendered":"https:\/\/www.egemtv.com\/?p=99032"},"modified":"2026-04-25T09:05:43","modified_gmt":"2026-04-25T06:05:43","slug":"camelinin-sakin-sehir-kimligi-genclerin-bilimsel-calismasina-konu-oldu","status":"publish","type":"post","link":"https:\/\/www.egemtv.com\/?p=99032","title":{"rendered":"\u00c7ameli\u2019nin \u2018Sakin \u015eehir\u2019 kimli\u011fi gen\u00e7lerin bilimsel \u00e7al\u0131\u015fmas\u0131na konu oldu"},"content":{"rendered":"<p>Denizli \u0130brahim Cinkaya Sosyal Bilimler Lisesi heyeti, T\u00dcB\u0130TAK Bilim Fuar\u0131 kapsam\u0131nda haz\u0131rlad\u0131klar\u0131 &#8220;Cittaslow \u00c7ameli&#8221; projesi i\u00e7in Belediye Ba\u015fkan\u0131 Cengiz Arslan\u2019\u0131 ziyaret ederek il\u00e7enin s\u00fcrd\u00fcr\u00fclebilir \u015fehircilik \u00e7al\u0131\u015fmalar\u0131n\u0131 yerinde inceledi.<\/p>\n<p>Denizli \u0130brahim Cinkaya Sosyal Bilimler Lisesi \u00f6\u011frencileri, T\u00dcB\u0130TAK Bilim Fuar\u0131 kapsam\u0131nda haz\u0131rlad\u0131klar\u0131 &#8220;Yava\u015f \u015eehir, S\u00fcrd\u00fcr\u00fclebilir Gelecek: \u00c7ameli\u2019nin Cittaslow Yolculu\u011fu&#8221; projesi i\u00e7in \u00c7ameli il\u00e7esinde incelemelerde bulundu. Okul m\u00fcd\u00fcr\u00fc ve dan\u0131\u015fman \u00f6\u011fretmenler e\u015fli\u011finde il\u00e7eye gelen heyet, Belediye Ba\u015fkan\u0131 Cengiz Arslan\u2019\u0131 makam\u0131nda ziyaret etti.<\/p>\n<p>Cittaslow S\u00fcreci Hakk\u0131nda G\u00f6r\u00fc\u015f Al\u0131\u015fveri\u015fi<br \/>\n<br \/>Ziyaret s\u0131ras\u0131nda, \u00c7ameli\u2019nin uluslararas\u0131 Sakin \u015eehir (Cittaslow) a\u011f\u0131ndaki konumu, y\u00fcr\u00fct\u00fclen s\u00fcrd\u00fcr\u00fclebilir \u015fehircilik \u00e7al\u0131\u015fmalar\u0131 ve il\u00e7enin gelecek vizyonu \u00fczerine bir g\u00f6r\u00fc\u015fme ger\u00e7ekle\u015ftirildi. Belediye Ba\u015fkan\u0131 Cengiz Arslan, \u00f6\u011frencilere il\u00e7enin bu alandaki hedefleri ve projeleri hakk\u0131nda ayr\u0131nt\u0131l\u0131 bilgiler aktararak gen\u00e7lerin bilimsel \u00e7al\u0131\u015fmalar\u0131na destek verdi.<\/p>\n<p>\u0130l\u00e7enin De\u011ferleri Yerinde \u0130ncelendi<br \/>\n<br \/>Makam ziyaretinin ard\u0131ndan proje ekibi, saha \u00e7al\u0131\u015fmalar\u0131 kapsam\u0131nda il\u00e7eyi gezdi. Cittaslow \u00c7ameli Proje Koordinat\u00f6r\u00fc Emirhan Ak\u015fit\u2019in rehberli\u011finde yap\u0131lan teknik gezide; il\u00e7enin do\u011fal g\u00fczellikleri, k\u00fclt\u00fcrel miras\u0131 ve yerel kalk\u0131nma modelleri yak\u0131ndan incelendi. \u00d6\u011frenciler, projeleri i\u00e7in gerekli olan verileri yerinde g\u00f6zlem yapma imkan\u0131 buldu.<\/p>\n<p>\u00c7ameli Belediye Ba\u015fkan\u0131 Cengiz Arslan, \u00f6\u011frencilerin il\u00e7eye g\u00f6sterdikleri ilgiden duydu\u011fu memnuniyeti dile getirdi. Gen\u00e7lerin yerel y\u00f6netim modellerini bilimsel bir \u00e7er\u00e7evede ele almas\u0131n\u0131n \u00f6nemine dikkat \u00e7eken Arslan, proje ekibine 14-15 May\u0131s 2026 tarihlerinde d\u00fczenlenecek olan bilim fuar\u0131nda ba\u015far\u0131lar diledi.<br \/><\/p>\n","protected":false},"excerpt":{"rendered":"<p>Denizli \u0130brahim Cinkaya Sosyal Bilimler Lisesi heyeti, T\u00dcB\u0130TAK Bilim Fuar\u0131 kapsam\u0131nda haz\u0131rlad\u0131klar\u0131 &#8220;Cittaslow \u00c7ameli&#8221; projesi i\u00e7in Belediye Ba\u015fkan\u0131 Cengiz Arslan\u2019\u0131 ziyaret ederek il\u00e7enin s\u00fcrd\u00fcr\u00fclebilir \u015fehircilik \u00e7al\u0131\u015fmalar\u0131n\u0131 yerinde inceledi. Denizli \u0130brahim Cinkaya Sosyal Bilimler Lisesi \u00f6\u011frencileri, T\u00dcB\u0130TAK Bilim Fuar\u0131 kapsam\u0131nda haz\u0131rlad\u0131klar\u0131 &#8220;Yava\u015f \u015eehir, S\u00fcrd\u00fcr\u00fclebilir Gelecek: \u00c7ameli\u2019nin Cittaslow Yolculu\u011fu&#8221; projesi i\u00e7in \u00c7ameli il\u00e7esinde incelemelerde bulundu. Okul m\u00fcd\u00fcr\u00fc&#8230;<\/p>\n","protected":false},"author":1,"featured_media":99033,"comment_status":"open","ping_status":"open","sticky":false,"template":"","format":"standard","meta":{"_crdt_document":"","footnotes":""},"categories":[1],"tags":[],"class_list":["post-99032","post","type-post","status-publish","format-standard","has-post-thumbnail","hentry","category-guncel"],"_links":{"self":[{"href":"https:\/\/www.egemtv.com\/index.php?rest_route=\/wp\/v2\/posts\/99032","targetHints":{"allow":["GET"]}}],"collection":[{"href":"https:\/\/www.egemtv.com\/index.php?rest_route=\/wp\/v2\/posts"}],"about":[{"href":"https:\/\/www.egemtv.com\/index.php?rest_route=\/wp\/v2\/types\/post"}],"author":[{"embeddable":true,"href":"https:\/\/www.egemtv.com\/index.php?rest_route=\/wp\/v2\/users\/1"}],"replies":[{"embeddable":true,"href":"https:\/\/www.egemtv.com\/index.php?rest_route=%2Fwp%2Fv2%2Fcomments&post=99032"}],"version-history":[{"count":1,"href":"https:\/\/www.egemtv.com\/index.php?rest_route=\/wp\/v2\/posts\/99032\/revisions"}],"predecessor-version":[{"id":99034,"href":"https:\/\/www.egemtv.com\/index.php?rest_route=\/wp\/v2\/posts\/99032\/revisions\/99034"}],"wp:featuredmedia":[{"embeddable":true,"href":"https:\/\/www.egemtv.com\/index.php?rest_route=\/wp\/v2\/media\/99033"}],"wp:attachment":[{"href":"https:\/\/www.egemtv.com\/index.php?rest_route=%2Fwp%2Fv2%2Fmedia&parent=99032"}],"wp:term":[{"taxonomy":"category","embeddable":true,"href":"https:\/\/www.egemtv.com\/index.php?rest_route=%2Fwp%2Fv2%2Fcategories&post=99032"},{"taxonomy":"post_tag","embeddable":true,"href":"https:\/\/www.egemtv.com\/index.php?rest_route=%2Fwp%2Fv2%2Ftags&post=99032"}],"curies":[{"name":"wp","href":"https:\/\/api.w.org\/{rel}","templated":true}]}}