{"id":99026,"date":"2026-04-25T07:20:29","date_gmt":"2026-04-25T04:20:29","guid":{"rendered":"https:\/\/www.egemtv.com\/?p=99026"},"modified":"2026-04-25T07:20:29","modified_gmt":"2026-04-25T04:20:29","slug":"denizli-osb-yonetiminden-il-jandarma-komutanligina-ziyaret","status":"publish","type":"post","link":"https:\/\/www.egemtv.com\/?p=99026","title":{"rendered":"Denizli OSB y\u00f6netiminden \u0130l Jandarma Komutanl\u0131\u011f\u0131na ziyaret"},"content":{"rendered":"<p>Denizli Organize Sanayi B\u00f6lgesi Y\u00f6netim Kurulu, g\u00f6reve gelmesinin ard\u0131ndan kurum ve kurulu\u015flara y\u00f6nelik ziyaretlerini s\u00fcrd\u00fcr\u00fcyor.<\/p>\n<p>Bu kapsamda Denizli OSB Y\u00f6netim Kurulu Ba\u015fkan\u0131 Selim Yaymano\u011flu, Y\u00f6netim Kurulu Ba\u015fkan Vekili Ali Fuat \u00d6zel, Y\u00f6netim Kurulu \u00dcyeleri Cemalcan Sirkeci ve Orhan Tahtal\u0131 ile B\u00f6lge M\u00fcd\u00fcr\u00fc Ahmet Ta\u015f, Denizli \u0130l Jandarma Komutan\u0131 Tu\u011fgeneral Mevl\u00fct Dirim\u2019i makam\u0131nda ziyaret etti.<br \/>\n<br \/>Ger\u00e7ekle\u015ftirilen ziyarette, \u015fehirde huzur ve g\u00fcvenli\u011fin sa\u011flanmas\u0131na y\u00f6nelik y\u00fcr\u00fct\u00fclen \u00e7al\u0131\u015fmalar hakk\u0131nda g\u00f6r\u00fc\u015f al\u0131\u015fveri\u015finde bulunuldu. Denizli\u2019nin g\u00fcvenli\u011fi ve kamu d\u00fczenine ili\u015fkin konular\u0131n ele al\u0131nd\u0131\u011f\u0131 g\u00f6r\u00fc\u015fmenin verimli bir ortamda ge\u00e7ti\u011fi ifade edildi. Denizli OSB Y\u00f6netimi, nazik ev sahipli\u011fi dolay\u0131s\u0131yla Tu\u011fgeneral Mevl\u00fct Dirim\u2019e te\u015fekk\u00fcr etti.<br \/><\/p>\n","protected":false},"excerpt":{"rendered":"<p>Denizli Organize Sanayi B\u00f6lgesi Y\u00f6netim Kurulu, g\u00f6reve gelmesinin ard\u0131ndan kurum ve kurulu\u015flara y\u00f6nelik ziyaretlerini s\u00fcrd\u00fcr\u00fcyor. Bu kapsamda Denizli OSB Y\u00f6netim Kurulu Ba\u015fkan\u0131 Selim Yaymano\u011flu, Y\u00f6netim Kurulu Ba\u015fkan Vekili Ali Fuat \u00d6zel, Y\u00f6netim Kurulu \u00dcyeleri Cemalcan Sirkeci ve Orhan Tahtal\u0131 ile B\u00f6lge M\u00fcd\u00fcr\u00fc Ahmet Ta\u015f, Denizli \u0130l Jandarma Komutan\u0131 Tu\u011fgeneral Mevl\u00fct Dirim\u2019i makam\u0131nda ziyaret etti. Ger\u00e7ekle\u015ftirilen&#8230;<\/p>\n","protected":false},"author":1,"featured_media":99027,"comment_status":"open","ping_status":"open","sticky":false,"template":"","format":"standard","meta":{"_crdt_document":"","footnotes":""},"categories":[125],"tags":[],"class_list":["post-99026","post","type-post","status-publish","format-standard","has-post-thumbnail","hentry","category-ekonomi"],"_links":{"self":[{"href":"https:\/\/www.egemtv.com\/index.php?rest_route=\/wp\/v2\/posts\/99026","targetHints":{"allow":["GET"]}}],"collection":[{"href":"https:\/\/www.egemtv.com\/index.php?rest_route=\/wp\/v2\/posts"}],"about":[{"href":"https:\/\/www.egemtv.com\/index.php?rest_route=\/wp\/v2\/types\/post"}],"author":[{"embeddable":true,"href":"https:\/\/www.egemtv.com\/index.php?rest_route=\/wp\/v2\/users\/1"}],"replies":[{"embeddable":true,"href":"https:\/\/www.egemtv.com\/index.php?rest_route=%2Fwp%2Fv2%2Fcomments&post=99026"}],"version-history":[{"count":1,"href":"https:\/\/www.egemtv.com\/index.php?rest_route=\/wp\/v2\/posts\/99026\/revisions"}],"predecessor-version":[{"id":99028,"href":"https:\/\/www.egemtv.com\/index.php?rest_route=\/wp\/v2\/posts\/99026\/revisions\/99028"}],"wp:featuredmedia":[{"embeddable":true,"href":"https:\/\/www.egemtv.com\/index.php?rest_route=\/wp\/v2\/media\/99027"}],"wp:attachment":[{"href":"https:\/\/www.egemtv.com\/index.php?rest_route=%2Fwp%2Fv2%2Fmedia&parent=99026"}],"wp:term":[{"taxonomy":"category","embeddable":true,"href":"https:\/\/www.egemtv.com\/index.php?rest_route=%2Fwp%2Fv2%2Fcategories&post=99026"},{"taxonomy":"post_tag","embeddable":true,"href":"https:\/\/www.egemtv.com\/index.php?rest_route=%2Fwp%2Fv2%2Ftags&post=99026"}],"curies":[{"name":"wp","href":"https:\/\/api.w.org\/{rel}","templated":true}]}}