{"id":9900,"date":"2025-01-17T12:13:16","date_gmt":"2025-01-17T09:13:16","guid":{"rendered":"https:\/\/www.egemtv.com\/?p=9900"},"modified":"2025-01-17T12:13:18","modified_gmt":"2025-01-17T09:13:18","slug":"denizli-idmanyurdu-ikinci-yariya-iyi-baslamak-istiyor","status":"publish","type":"post","link":"https:\/\/www.egemtv.com\/?p=9900","title":{"rendered":"Denizli \u0130dmanyurdu ikinci yar\u0131ya iyi ba\u015flamak istiyor"},"content":{"rendered":"<p>TFF B\u00f6lgesel Amat\u00f6r Lig 7. Grup\u2019ta \u015fampiyonluk m\u00fccadelesi veren ve ilk yar\u0131y\u0131 32 puanla lider olarak tamamlayan Denizli \u0130dmanyurdu, ikinci yar\u0131n\u0131n ilk ma\u00e7\u0131 olan Bal\u00e7ovaspor ma\u00e7\u0131na da galibiyet parolas\u0131 ile haz\u0131rlan\u0131yor.<br \/>\n<br \/>TFF B\u00f6lgesel Amat\u00f6r Lig 7. Grup\u2019ta ilk yar\u0131y\u0131 10 galibiyet, 2 beraberlik ve 2 yenilgi alarak 32 puanla lider olarak tamamlayan Denizli \u0130dmanyurdu G\u00fcrellerspor, ikinci yar\u0131n\u0131n ilk ma\u00e7\u0131 olan Bal\u00e7ovaspor ma\u00e7\u0131na da 3 puan parolas\u0131 ile haz\u0131rlan\u0131yor. Haftan\u0131n ilk idman\u0131n\u0131 Ba\u015fkarc\u0131 \u015eehit Sami Stad\u0131\u2019nda teknik sorumlu G\u00f6khan Kaynak nezaretinde yapan k\u0131rm\u0131z\u0131 siyahl\u0131larda moraller \u00fcst seviyede. Yakla\u015f\u0131k 2 saat s\u00fcren Bal\u00e7ovaspor ma\u00e7\u0131 idman\u0131n\u0131 Kul\u00fcp Ba\u015fkan\u0131 \u0130brahim G\u00fcrel\u2019de izleyerek teknik heyet ile g\u00f6r\u00fc\u015f al\u0131\u015fveri\u015finde bulundu ve tak\u0131ma ba\u015far\u0131lar diledi.<\/p>\n<p>G\u00f6khan Kaynak: \u201c\u0130kinci yar\u0131ya \u00e7ok iyi haz\u0131rland\u0131k\u201d<br \/>\n<br \/>\u0130kinci yar\u0131 haz\u0131rl\u0131klar\u0131 ve Bal\u00e7ovaspor ma\u00e7\u0131 hakk\u0131nda a\u00e7\u0131klamalarda bulunan teknik sorumlu G\u00f6khan Kaynak ikinci yar\u0131ya \u00e7ok iyi bir \u015fekilde haz\u0131rland\u0131klar\u0131n\u0131 belirterek \u201c\u0130yi bir haz\u0131rl\u0131k d\u00f6nemi ge\u00e7irdik. Yeni kat\u0131lan transferlerimizin tak\u0131ma adapte olmas\u0131 a\u00e7\u0131s\u0131ndan iki ciddi tak\u0131mla haz\u0131rl\u0131k ma\u00e7\u0131 ile birlikte iyi bir haz\u0131rl\u0131k d\u00f6nemi ge\u00e7irdik. Ligin ikinci haftas\u0131 bu hafta ba\u015fl\u0131yor. Biz deplasmanda Bal\u00e7ovaspor ile kar\u015f\u0131la\u015faca\u011f\u0131z. A\u00e7\u0131k s\u00f6ylemek gerekirse ikinci yar\u0131lar her zaman daha zor ge\u00e7mi\u015ftir. \u00c7\u00fcnk\u00fc ligin stat\u00fcs\u00fcnden dolay\u0131 ister alt s\u0131ralardaki tak\u0131m. \u0130ster \u00fcst s\u0131ralardaki tak\u0131mlar olsun mutlaka kadrolar\u0131n\u0131 g\u00fc\u00e7lendiriyorlar. \u00c7\u00fcnk\u00fc stat\u00fc gere\u011fi il baz\u0131nda \u00fc\u00e7\u00fcnc\u00fc oldu\u011fun zaman direkt d\u00fc\u015f\u00fcyorsun. Tabi hi\u00e7 kimse de d\u00fc\u015fmek istemez \u201ddedi.<\/p>\n<p>\u201cHerkes tak\u0131m\u0131na takviye yapt\u0131\u201d<br \/>\n<br \/>\u0130kinci yar\u0131n\u0131n daha zorlu m\u00fccadelelere sahne olaca\u011f\u0131na dikkat \u00e7eken teknik sorumlu Kaynak, \u201cDolay\u0131s\u0131yla yukar\u0131da olan tak\u0131mlara bakt\u0131\u011f\u0131m\u0131z zaman ister istemez devre aras\u0131nda bizim de yapt\u0131\u011f\u0131m\u0131z gibi eksik g\u00f6rd\u00fc\u011f\u00fcm\u00fcz mevkileri kaliteli oyuncularla g\u00fc\u00e7lendirerek yar\u0131\u015f\u0131n i\u00e7inde kalmak istiyorlar&#8221; diye konu\u015ftu.<\/p>\n<p>\u201cTak\u0131ma yeni gelenler de oldu gidenler de oldu\u201d<br \/>\n<br \/>Devre aras\u0131nda baz\u0131 oyuncularla yollar\u0131n\u0131 ay\u0131rd\u0131klar\u0131 ifade eden G\u00f6khan Kaynak, \u201cVermi\u015f olduklar\u0131 emeklerinden dolay\u0131 onlara da buradan te\u015fekk\u00fcr ediyorum. Bu arada aram\u0131za kat\u0131lan arkada\u015flar oldu. Ger\u00e7ekten kaliteli oyuncular. Karakterli oyuncular. Bu hafta yapt\u0131\u011f\u0131m\u0131z\u0131 iki ciddi haz\u0131rl\u0131k ma\u00e7\u0131nda \u00f6zellikle ikinci ma\u00e7ta hepsini g\u00f6rme imkan\u0131m\u0131z oldu. Bize de katk\u0131lar\u0131 olaca\u011f\u0131n\u0131 bildi\u011fimiz i\u00e7in tan\u0131d\u0131\u011f\u0131m\u0131z oyuncular\u0131 ald\u0131k. \u0130n\u015fallah ikinci yar\u0131 onlar\u0131n da yapacaklar\u0131 katk\u0131larla birlikte hedefe do\u011fru y\u00fcr\u00fcmek istiyoruz. Tabi kolay de\u011fil. \u0130lk yar\u0131y\u0131 lider bitirdik. Ama \u00f6nemli olan\u0131n sene sonunda ipi g\u00f6\u011f\u00fcslemek oldu\u011funu s\u00f6yl\u00fcyorum her zaman. Oyuncular\u0131m\u0131zla da zaman zaman bunu payla\u015f\u0131yoruz, konu\u015fuyoruz \u201d\u015feklinde konu\u015ftu.<\/p>\n<p>\u201c\u0130nanmak ba\u015farman\u0131n yar\u0131s\u0131\u201d<br \/>\n<br \/>Kul\u00fcp olarak ba\u015far\u0131ya odakland\u0131klar\u0131na vurgu yapan Kaynak, \u201cAma inanmak ba\u015farman\u0131n yar\u0131s\u0131d\u0131r derler. \u015eu anda ger\u00e7ekten inanan bir oyuncu grubuyla, karakterli bir oyuncu grubuyla \u00e7al\u0131\u015fmaktan son derece memnunum. \u0130n\u015fallah bu i\u015fin \u00fcstesinden gelebilece\u011fimizi de biliyoruz. Bu hafta iyi ba\u015flay\u0131p iyi devam etmek istiyoruz. Her hafta kazanarak devam etmek istiyoruz. Arkam\u0131za bakmak istemiyoruz. \u0130kinci yar\u0131ya deplasman da ba\u015fl\u0131yoruz. Bir arkadaki tak\u0131mla iki puanl\u0131k bir avantaj\u0131m\u0131z var. Bir sonraki ile 3 puanl\u0131k avantaj\u0131m\u0131z var. Dolay\u0131s\u0131yla bunu kapatmak istemiyoruz. Kazanarak devam etmek istiyoruz. \u0130n\u015fallah da \u00f6yle olur\u201d ifadelerini kulland\u0131.<br \/><\/p>\n","protected":false},"excerpt":{"rendered":"<p>TFF B\u00f6lgesel Amat\u00f6r Lig 7. Grup\u2019ta \u015fampiyonluk m\u00fccadelesi veren ve ilk yar\u0131y\u0131 32 puanla lider olarak tamamlayan Denizli \u0130dmanyurdu, ikinci yar\u0131n\u0131n ilk ma\u00e7\u0131 olan Bal\u00e7ovaspor ma\u00e7\u0131na da galibiyet parolas\u0131 ile haz\u0131rlan\u0131yor. TFF B\u00f6lgesel Amat\u00f6r Lig 7. Grup\u2019ta ilk yar\u0131y\u0131 10 galibiyet, 2 beraberlik ve 2 yenilgi alarak 32 puanla lider olarak tamamlayan Denizli \u0130dmanyurdu G\u00fcrellerspor,&#8230;<\/p>\n","protected":false},"author":1,"featured_media":9901,"comment_status":"open","ping_status":"open","sticky":false,"template":"","format":"standard","meta":{"_crdt_document":"","footnotes":""},"categories":[4],"tags":[],"class_list":["post-9900","post","type-post","status-publish","format-standard","has-post-thumbnail","hentry","category-spor"],"_links":{"self":[{"href":"https:\/\/www.egemtv.com\/index.php?rest_route=\/wp\/v2\/posts\/9900","targetHints":{"allow":["GET"]}}],"collection":[{"href":"https:\/\/www.egemtv.com\/index.php?rest_route=\/wp\/v2\/posts"}],"about":[{"href":"https:\/\/www.egemtv.com\/index.php?rest_route=\/wp\/v2\/types\/post"}],"author":[{"embeddable":true,"href":"https:\/\/www.egemtv.com\/index.php?rest_route=\/wp\/v2\/users\/1"}],"replies":[{"embeddable":true,"href":"https:\/\/www.egemtv.com\/index.php?rest_route=%2Fwp%2Fv2%2Fcomments&post=9900"}],"version-history":[{"count":1,"href":"https:\/\/www.egemtv.com\/index.php?rest_route=\/wp\/v2\/posts\/9900\/revisions"}],"predecessor-version":[{"id":9902,"href":"https:\/\/www.egemtv.com\/index.php?rest_route=\/wp\/v2\/posts\/9900\/revisions\/9902"}],"wp:featuredmedia":[{"embeddable":true,"href":"https:\/\/www.egemtv.com\/index.php?rest_route=\/wp\/v2\/media\/9901"}],"wp:attachment":[{"href":"https:\/\/www.egemtv.com\/index.php?rest_route=%2Fwp%2Fv2%2Fmedia&parent=9900"}],"wp:term":[{"taxonomy":"category","embeddable":true,"href":"https:\/\/www.egemtv.com\/index.php?rest_route=%2Fwp%2Fv2%2Fcategories&post=9900"},{"taxonomy":"post_tag","embeddable":true,"href":"https:\/\/www.egemtv.com\/index.php?rest_route=%2Fwp%2Fv2%2Ftags&post=9900"}],"curies":[{"name":"wp","href":"https:\/\/api.w.org\/{rel}","templated":true}]}}