{"id":9897,"date":"2025-01-17T12:13:13","date_gmt":"2025-01-17T09:13:13","guid":{"rendered":"https:\/\/www.egemtv.com\/?p=9897"},"modified":"2025-01-17T12:13:16","modified_gmt":"2025-01-17T09:13:16","slug":"silah-tehdidi-ile-haksiz-kazanc-saglamaya-calisan-3-supheli-tutuklandi","status":"publish","type":"post","link":"https:\/\/www.egemtv.com\/?p=9897","title":{"rendered":"Silah tehdidi ile haks\u0131z kazan\u00e7 sa\u011flamaya \u00e7al\u0131\u015fan 3 \u015f\u00fcpheli tutukland\u0131"},"content":{"rendered":"<p>Ayd\u0131n\u2019\u0131n Didim il\u00e7esinde Ka\u00e7ak\u00e7\u0131l\u0131k ve Organize Su\u00e7larla M\u00fccadele (KOM) B\u00fcro Amirli\u011fi taraf\u0131ndan ger\u00e7ekle\u015ftirilen operasyon kapsam\u0131nda silah tehdidi ile haks\u0131z kazan\u00e7 sa\u011flamaya \u00e7al\u0131\u015fan \u015fah\u0131slara y\u00f6nelik d\u00fczenlenen operasyonda g\u00f6zalt\u0131na al\u0131nan 3 \u015f\u00fcpheli tutukland\u0131.<\/p>\n<p>Ayd\u0131n \u0130l Emniyet M\u00fcd\u00fcrl\u00fc\u011f\u00fc koordinesinde ka\u00e7ak\u00e7\u0131l\u0131k ve organize su\u00e7lara y\u00f6nelik y\u00fcr\u00fct\u00fclen \u00e7al\u0131\u015fmalar aral\u0131ks\u0131z s\u00fcr\u00fcyor. Edinilen bilgiye g\u00f6re Didim \u0130l\u00e7e Emniyet M\u00fcd\u00fcrl\u00fc\u011f\u00fc KOM B\u00fcro Amirli\u011fi ekiplerince, il\u00e7ede ya\u015fayan ki\u015fileri birden fazla ki\u015fi ile tehdit, hakaret, korkutma ve silah g\u00f6sterme gibi eylemler yaparak haks\u0131z kazan\u00e7 elde etmeye \u00e7al\u0131\u015fan \u015fah\u0131slara y\u00f6nelik operasyon ger\u00e7ekle\u015ftirildi. Yap\u0131lan operasyonlar kapsam\u0131nda \u0130.H.B, A.E. ve S.A. isimli 3 \u015f\u00fcpheli yakaland\u0131. G\u00f6zalt\u0131na al\u0131nan 3 \u015f\u00fcpheli, gerekli i\u015flemlerinin ard\u0131ndan sevk edildi\u011fi adli makamlarca tutuklanarak cezaevine g\u00f6nderildi.<br \/><\/p>\n","protected":false},"excerpt":{"rendered":"<p>Ayd\u0131n\u2019\u0131n Didim il\u00e7esinde Ka\u00e7ak\u00e7\u0131l\u0131k ve Organize Su\u00e7larla M\u00fccadele (KOM) B\u00fcro Amirli\u011fi taraf\u0131ndan ger\u00e7ekle\u015ftirilen operasyon kapsam\u0131nda silah tehdidi ile haks\u0131z kazan\u00e7 sa\u011flamaya \u00e7al\u0131\u015fan \u015fah\u0131slara y\u00f6nelik d\u00fczenlenen operasyonda g\u00f6zalt\u0131na al\u0131nan 3 \u015f\u00fcpheli tutukland\u0131. Ayd\u0131n \u0130l Emniyet M\u00fcd\u00fcrl\u00fc\u011f\u00fc koordinesinde ka\u00e7ak\u00e7\u0131l\u0131k ve organize su\u00e7lara y\u00f6nelik y\u00fcr\u00fct\u00fclen \u00e7al\u0131\u015fmalar aral\u0131ks\u0131z s\u00fcr\u00fcyor. Edinilen bilgiye g\u00f6re Didim \u0130l\u00e7e Emniyet M\u00fcd\u00fcrl\u00fc\u011f\u00fc KOM B\u00fcro Amirli\u011fi&#8230;<\/p>\n","protected":false},"author":1,"featured_media":9898,"comment_status":"open","ping_status":"open","sticky":false,"template":"","format":"standard","meta":{"_crdt_document":"","footnotes":""},"categories":[5],"tags":[],"class_list":["post-9897","post","type-post","status-publish","format-standard","has-post-thumbnail","hentry","category-asayis"],"_links":{"self":[{"href":"https:\/\/www.egemtv.com\/index.php?rest_route=\/wp\/v2\/posts\/9897","targetHints":{"allow":["GET"]}}],"collection":[{"href":"https:\/\/www.egemtv.com\/index.php?rest_route=\/wp\/v2\/posts"}],"about":[{"href":"https:\/\/www.egemtv.com\/index.php?rest_route=\/wp\/v2\/types\/post"}],"author":[{"embeddable":true,"href":"https:\/\/www.egemtv.com\/index.php?rest_route=\/wp\/v2\/users\/1"}],"replies":[{"embeddable":true,"href":"https:\/\/www.egemtv.com\/index.php?rest_route=%2Fwp%2Fv2%2Fcomments&post=9897"}],"version-history":[{"count":1,"href":"https:\/\/www.egemtv.com\/index.php?rest_route=\/wp\/v2\/posts\/9897\/revisions"}],"predecessor-version":[{"id":9899,"href":"https:\/\/www.egemtv.com\/index.php?rest_route=\/wp\/v2\/posts\/9897\/revisions\/9899"}],"wp:featuredmedia":[{"embeddable":true,"href":"https:\/\/www.egemtv.com\/index.php?rest_route=\/wp\/v2\/media\/9898"}],"wp:attachment":[{"href":"https:\/\/www.egemtv.com\/index.php?rest_route=%2Fwp%2Fv2%2Fmedia&parent=9897"}],"wp:term":[{"taxonomy":"category","embeddable":true,"href":"https:\/\/www.egemtv.com\/index.php?rest_route=%2Fwp%2Fv2%2Fcategories&post=9897"},{"taxonomy":"post_tag","embeddable":true,"href":"https:\/\/www.egemtv.com\/index.php?rest_route=%2Fwp%2Fv2%2Ftags&post=9897"}],"curies":[{"name":"wp","href":"https:\/\/api.w.org\/{rel}","templated":true}]}}