{"id":9894,"date":"2025-01-17T12:07:50","date_gmt":"2025-01-17T09:07:50","guid":{"rendered":"https:\/\/www.egemtv.com\/?p=9894"},"modified":"2025-01-17T12:07:52","modified_gmt":"2025-01-17T09:07:52","slug":"aydinda-189-bin-ogrenci-karne-aldi","status":"publish","type":"post","link":"https:\/\/www.egemtv.com\/?p=9894","title":{"rendered":"Ayd\u0131n\u2019da 189 bin \u00f6\u011frenci karne ald\u0131"},"content":{"rendered":"<p>Ayd\u0131n\u2019da 2024-2025 e\u011fitim \u00f6\u011fretim y\u0131l\u0131n\u0131n ilk d\u00f6neminin sona ermesi ile 189 bin 372 \u00f6\u011frenci karne heyecan\u0131 ya\u015fad\u0131.<\/p>\n<p>\u00dclke genelinde oldu\u011fu gibi Ayd\u0131n\u2019da da 2024-25 e\u011fitim \u00f6\u011fretim y\u0131l\u0131n\u0131n ilk d\u00f6neminin sona ermesiyle birlikte binlerce \u00f6\u011frenci yar\u0131y\u0131l tatiline \u00e7\u0131kmaya haz\u0131rlan\u0131yor. Bu \u00e7er\u00e7evede il genelinde 878 okul ve 9 bin 113 derslikte e\u011fitim g\u00f6ren 189 bin 372 \u00f6\u011frenci bug\u00fcn karne heyecan\u0131 ya\u015fad\u0131. Yahya Kemal Beyatl\u0131 \u0130lkokulu\u2019nda d\u00fczenlenen karne da\u011f\u0131t\u0131m t\u00f6reninde \u00f6\u011frenciler karnelerini Ayd\u0131n Valisi Yakup Canbolat ve protokol \u00fcyelerinin elinden ald\u0131. \u00d6\u011frenciler karnelerini al\u0131rken, 15 bin 727 \u00f6\u011fretmen de yar\u0131y\u0131l tatiline girecek.<\/p>\n<p>T\u00f6rende birinci ve d\u00f6rd\u00fcnc\u00fc s\u0131n\u0131f \u00f6\u011frencilerinin s\u0131n\u0131f\u0131n\u0131 ziyaret eden Vali Canbolat, \u00f6\u011frencilerle sohbet ederek tatillerini iyi bir \u015fekilde de\u011ferlendirmeleri temennisinde bulundu. T\u00f6ren sonras\u0131 k\u0131sa bir a\u00e7\u0131klama yapan Ayd\u0131n Valisi Yakup Canbolat; \u201cBug\u00fcn ara tatilin ilk ba\u015flad\u0131\u011f\u0131 g\u00fcn. O vesileyle okulumuza geldik. \u00c7ocuklar\u0131m\u0131za hep birlikte karnelerini verdik. \u0130lk yar\u0131y\u0131l Ayd\u0131n ilimizde olduk\u00e7a ba\u015far\u0131l\u0131, sa\u011fl\u0131kl\u0131, huzurlu ve g\u00fcvenli bir \u015fekilde tamamland\u0131. Okullar\u0131m\u0131zda \u00f6nemli bir problem ya\u015famad\u0131k. E\u011fitimin kalitesinin art\u0131r\u0131lmas\u0131, T\u00fcrkiye Y\u00fczy\u0131l\u0131 Maarif Modeli\u2019nin uygulanmas\u0131 konusunda da arkada\u015flar\u0131m\u0131z b\u00fct\u00fcn e\u011fitim camiam\u0131z olduk\u00e7a ciddi ve kararl\u0131 bir \u015fekilde meselenin \u00fczerine gidiyor. \u00c7ocuklar\u0131m\u0131za sa\u011fl\u0131k diledik, huzur diledik. \u0130n\u015fallah ikinci d\u00f6nem onlar\u0131 tekrar burada g\u00f6r\u00fcp, e\u011fitim \u00f6\u011fretim d\u00f6neminin devam\u0131n\u0131 sa\u011flayaca\u011f\u0131z in\u015fallah hep birlikte. Ben huzur diliyorum, sa\u011fl\u0131k diliyorum ailelerine de, \u00e7ocuklar\u0131m\u0131za da\u201d dedi.<br \/><\/p>\n","protected":false},"excerpt":{"rendered":"<p>Ayd\u0131n\u2019da 2024-2025 e\u011fitim \u00f6\u011fretim y\u0131l\u0131n\u0131n ilk d\u00f6neminin sona ermesi ile 189 bin 372 \u00f6\u011frenci karne heyecan\u0131 ya\u015fad\u0131. \u00dclke genelinde oldu\u011fu gibi Ayd\u0131n\u2019da da 2024-25 e\u011fitim \u00f6\u011fretim y\u0131l\u0131n\u0131n ilk d\u00f6neminin sona ermesiyle birlikte binlerce \u00f6\u011frenci yar\u0131y\u0131l tatiline \u00e7\u0131kmaya haz\u0131rlan\u0131yor. Bu \u00e7er\u00e7evede il genelinde 878 okul ve 9 bin 113 derslikte e\u011fitim g\u00f6ren 189 bin 372 \u00f6\u011frenci&#8230;<\/p>\n","protected":false},"author":1,"featured_media":9895,"comment_status":"open","ping_status":"open","sticky":false,"template":"","format":"standard","meta":{"_crdt_document":"","footnotes":""},"categories":[1],"tags":[],"class_list":["post-9894","post","type-post","status-publish","format-standard","has-post-thumbnail","hentry","category-guncel"],"_links":{"self":[{"href":"https:\/\/www.egemtv.com\/index.php?rest_route=\/wp\/v2\/posts\/9894","targetHints":{"allow":["GET"]}}],"collection":[{"href":"https:\/\/www.egemtv.com\/index.php?rest_route=\/wp\/v2\/posts"}],"about":[{"href":"https:\/\/www.egemtv.com\/index.php?rest_route=\/wp\/v2\/types\/post"}],"author":[{"embeddable":true,"href":"https:\/\/www.egemtv.com\/index.php?rest_route=\/wp\/v2\/users\/1"}],"replies":[{"embeddable":true,"href":"https:\/\/www.egemtv.com\/index.php?rest_route=%2Fwp%2Fv2%2Fcomments&post=9894"}],"version-history":[{"count":1,"href":"https:\/\/www.egemtv.com\/index.php?rest_route=\/wp\/v2\/posts\/9894\/revisions"}],"predecessor-version":[{"id":9896,"href":"https:\/\/www.egemtv.com\/index.php?rest_route=\/wp\/v2\/posts\/9894\/revisions\/9896"}],"wp:featuredmedia":[{"embeddable":true,"href":"https:\/\/www.egemtv.com\/index.php?rest_route=\/wp\/v2\/media\/9895"}],"wp:attachment":[{"href":"https:\/\/www.egemtv.com\/index.php?rest_route=%2Fwp%2Fv2%2Fmedia&parent=9894"}],"wp:term":[{"taxonomy":"category","embeddable":true,"href":"https:\/\/www.egemtv.com\/index.php?rest_route=%2Fwp%2Fv2%2Fcategories&post=9894"},{"taxonomy":"post_tag","embeddable":true,"href":"https:\/\/www.egemtv.com\/index.php?rest_route=%2Fwp%2Fv2%2Ftags&post=9894"}],"curies":[{"name":"wp","href":"https:\/\/api.w.org\/{rel}","templated":true}]}}