{"id":9891,"date":"2025-01-17T11:58:26","date_gmt":"2025-01-17T08:58:26","guid":{"rendered":"https:\/\/www.egemtv.com\/?p=9891"},"modified":"2025-01-17T11:58:28","modified_gmt":"2025-01-17T08:58:28","slug":"salihlide-sozlesmeli-tarimsal-uretim-toplantisi-yapildi","status":"publish","type":"post","link":"https:\/\/www.egemtv.com\/?p=9891","title":{"rendered":"Salihli\u2019de \u2018S\u00f6zle\u015fmeli Tar\u0131msal \u00dcretim\u2019 toplant\u0131s\u0131 yap\u0131ld\u0131"},"content":{"rendered":"<p>Manisa\u2019n\u0131n Salihli il\u00e7esinde Kaymakam Ali G\u00fcldo\u011fan Ba\u015fkanl\u0131\u011f\u0131nda \u2018S\u00f6zle\u015fmeli Tar\u0131msal \u00dcretim\u2019 toplant\u0131s\u0131 yap\u0131ld\u0131.<br \/>\n<br \/>Salihli \u0130l\u00e7e Tar\u0131m M\u00fcd\u00fcrl\u00fc\u011f\u00fc taraf\u0131ndan Organize Sanayi B\u00f6lge M\u00fcd\u00fcrl\u00fc\u011f\u00fc Toplant\u0131 Salonunda ger\u00e7ekle\u015ftirilen toplant\u0131da, Salihli ekonomisinin tar\u0131m ve tar\u0131m sanayine dayal\u0131 olmas\u0131, bu alanda zaman zaman ya\u015fanan arz talep dengesindeki problemler, \u00e7ift\u00e7ilerin \u00fcr\u00fcnlerini de\u011ferinde satamamas\u0131, sanayicilerin hammadde temininde zorluklarla kar\u015f\u0131la\u015f\u0131lmas\u0131 nedeniyle, sa\u011fl\u0131kl\u0131 bir arz g\u00fcvenli\u011fi sa\u011flamak ve \u00fcretim potansiyeli y\u00fcksek olan \u00fcr\u00fcnleri yeti\u015ftiren \u00fcreticilerin bir araya gelerek, s\u00f6zle\u015fmeli \u00fcretim modeliyle \u00fcretim yapmalar\u0131 sa\u011flanmak amac\u0131yla bilgi al\u0131\u015fveri\u015finde bulunuldu. Toplant\u0131da \u0130l\u00e7e Tar\u0131m ve Orman M\u00fcd\u00fcr\u00fc Ali Demir, toplant\u0131da sa\u011fl\u0131kl\u0131 bir arz g\u00fcvenli\u011fi sa\u011flamak amac\u0131yla konserve, tur\u015fu, kurutulmu\u015f ve dondurulmu\u015f g\u0131da sanayi sekt\u00f6r\u00fcnde faaliyet g\u00f6steren i\u015fletmeler ile \u00fcretim potansiyeli y\u00fcksek olan ba\u015fta kuru domates olmak \u00fczere, sal\u00e7al\u0131k domates, bezelye, biber, patl\u0131can, lahana, karnabahar, \u0131spanak, \u00e7ilek gibi \u00fcr\u00fcnler hakk\u0131nda sunum yapt\u0131.<br \/>\n<br \/>Kaymakam Ali G\u00fcldo\u011fan Ba\u015fkanl\u0131\u011f\u0131nda ger\u00e7ekle\u015ftirilen toplant\u0131ya \u0130l\u00e7e Tar\u0131m ve Orman M\u00fcd\u00fcr\u00fc Ali Demir, Ziraat Odas\u0131 Ba\u015fkan\u0131 Cem Yalva\u00e7, OSB Ba\u015fkan\u0131 Muhittin Bilget\u2019in yan\u0131 s\u0131ra \u00fcreticiler kat\u0131ld\u0131.<br \/><\/p>\n","protected":false},"excerpt":{"rendered":"<p>Manisa\u2019n\u0131n Salihli il\u00e7esinde Kaymakam Ali G\u00fcldo\u011fan Ba\u015fkanl\u0131\u011f\u0131nda \u2018S\u00f6zle\u015fmeli Tar\u0131msal \u00dcretim\u2019 toplant\u0131s\u0131 yap\u0131ld\u0131. Salihli \u0130l\u00e7e Tar\u0131m M\u00fcd\u00fcrl\u00fc\u011f\u00fc taraf\u0131ndan Organize Sanayi B\u00f6lge M\u00fcd\u00fcrl\u00fc\u011f\u00fc Toplant\u0131 Salonunda ger\u00e7ekle\u015ftirilen toplant\u0131da, Salihli ekonomisinin tar\u0131m ve tar\u0131m sanayine dayal\u0131 olmas\u0131, bu alanda zaman zaman ya\u015fanan arz talep dengesindeki problemler, \u00e7ift\u00e7ilerin \u00fcr\u00fcnlerini de\u011ferinde satamamas\u0131, sanayicilerin hammadde temininde zorluklarla kar\u015f\u0131la\u015f\u0131lmas\u0131 nedeniyle, sa\u011fl\u0131kl\u0131 bir arz&#8230;<\/p>\n","protected":false},"author":1,"featured_media":9892,"comment_status":"open","ping_status":"open","sticky":false,"template":"","format":"standard","meta":{"_crdt_document":"","footnotes":""},"categories":[125],"tags":[],"class_list":["post-9891","post","type-post","status-publish","format-standard","has-post-thumbnail","hentry","category-ekonomi"],"_links":{"self":[{"href":"https:\/\/www.egemtv.com\/index.php?rest_route=\/wp\/v2\/posts\/9891","targetHints":{"allow":["GET"]}}],"collection":[{"href":"https:\/\/www.egemtv.com\/index.php?rest_route=\/wp\/v2\/posts"}],"about":[{"href":"https:\/\/www.egemtv.com\/index.php?rest_route=\/wp\/v2\/types\/post"}],"author":[{"embeddable":true,"href":"https:\/\/www.egemtv.com\/index.php?rest_route=\/wp\/v2\/users\/1"}],"replies":[{"embeddable":true,"href":"https:\/\/www.egemtv.com\/index.php?rest_route=%2Fwp%2Fv2%2Fcomments&post=9891"}],"version-history":[{"count":1,"href":"https:\/\/www.egemtv.com\/index.php?rest_route=\/wp\/v2\/posts\/9891\/revisions"}],"predecessor-version":[{"id":9893,"href":"https:\/\/www.egemtv.com\/index.php?rest_route=\/wp\/v2\/posts\/9891\/revisions\/9893"}],"wp:featuredmedia":[{"embeddable":true,"href":"https:\/\/www.egemtv.com\/index.php?rest_route=\/wp\/v2\/media\/9892"}],"wp:attachment":[{"href":"https:\/\/www.egemtv.com\/index.php?rest_route=%2Fwp%2Fv2%2Fmedia&parent=9891"}],"wp:term":[{"taxonomy":"category","embeddable":true,"href":"https:\/\/www.egemtv.com\/index.php?rest_route=%2Fwp%2Fv2%2Fcategories&post=9891"},{"taxonomy":"post_tag","embeddable":true,"href":"https:\/\/www.egemtv.com\/index.php?rest_route=%2Fwp%2Fv2%2Ftags&post=9891"}],"curies":[{"name":"wp","href":"https:\/\/api.w.org\/{rel}","templated":true}]}}