{"id":9888,"date":"2025-01-17T11:58:21","date_gmt":"2025-01-17T08:58:21","guid":{"rendered":"https:\/\/www.egemtv.com\/?p=9888"},"modified":"2025-01-17T11:58:25","modified_gmt":"2025-01-17T08:58:25","slug":"pazara-giden-cobanin-agilina-giren-sokak-kopekleri-2-kuzuyu-parcaladi","status":"publish","type":"post","link":"https:\/\/www.egemtv.com\/?p=9888","title":{"rendered":"Pazara giden \u00e7oban\u0131n a\u011f\u0131l\u0131na giren sokak k\u00f6pekleri 2 kuzuyu par\u00e7alad\u0131"},"content":{"rendered":"<p>Denizli\u2019nin Buldan il\u00e7esinde koyun a\u011f\u0131l\u0131na giren sokak k\u00f6pekleri iki kuzuyu par\u00e7alayarak \u00f6ld\u00fcrd\u00fc. Olay esnas\u0131nda pazarda oldu\u011funu ifade eden \u00e7oban, &#8220;Bizim yoklu\u011fumuzdan yararlan\u0131p hayvanlar\u0131m\u0131 par\u00e7alam\u0131\u015flar&#8221; dedi.<br \/>\n<br \/>Olay, Buldan il\u00e7esi Bozalan Mahallesi\u2019nde meydana geldi. Edinilen bilgilere g\u00f6re, \u00e7oban Ali Murat Battal koyunlar\u0131n\u0131 otlatt\u0131ktan sonra a\u011f\u0131la kapatt\u0131. Ard\u0131ndan \u00e7oban al\u0131\u015fveri\u015f i\u00e7in Buldan pazar\u0131na gitti. Pazardan d\u00f6nd\u00fckten sonra a\u011f\u0131la gelen Battal, g\u00f6rd\u00fc\u011f\u00fc manzara kar\u015f\u0131s\u0131nda \u015fok oldu. Pazara gitti\u011fi esnada sokak k\u00f6pekleri a\u011f\u0131la girerek 2 kuzunun telef olmas\u0131na sebep oldu. Bu olay mahalle sakinlerini de tedirgin etti. Hayvanc\u0131l\u0131kla u\u011fra\u015fan di\u011fer mahalleli, sokak k\u00f6peklerinin kontrol alt\u0131na al\u0131nmas\u0131 i\u00e7in yetkililere \u00e7a\u011fr\u0131da bulundu. Ba\u015f\u0131bo\u015f k\u00f6pekler konusunda daha \u00f6nce de \u015fikayetlerin oldu\u011funu belirten mahalle halk\u0131, benzer olaylar\u0131n ya\u015fanmamas\u0131 i\u00e7in acil \u00f6nlemler al\u0131nmas\u0131n\u0131 talep etti. Olayla ilgili inceleme ba\u015flat\u0131ld\u0131\u011f\u0131 \u00f6\u011frenildi.<br \/>\n<br \/>Buldan pazar\u0131na gittikleri s\u0131rada sokak k\u00f6peklerinin a\u011f\u0131la girdi\u011fini ve kuzular\u0131n\u0131 telef etti\u011fini belirten Ali Murat Battal, ya\u015fad\u0131\u011f\u0131 \u00fcz\u00fcnt\u00fcy\u00fc \u015fu s\u00f6zlerle dile getirdi:<br \/>\n<br \/>\u201cKuzular\u0131m daha yeni do\u011fmu\u015ftu. Bozalan Mahallesi\u2019nde oturuyorum, hayvanc\u0131l\u0131kla ge\u00e7imimi sa\u011fl\u0131yorum. Buldan pazar\u0131na gitmi\u015ftik, bizim yoklu\u011fumuzdan yararlan\u0131p hayvanlar\u0131m\u0131 par\u00e7alam\u0131\u015flar. Mahallemize bir ara\u00e7la \u00f6zellikle geceleri baz\u0131 ki\u015filerin sokak k\u00f6peklerini b\u0131rakt\u0131klar\u0131n\u0131 duymu\u015ftum. \u00d6nlemlerini de alm\u0131\u015ft\u0131m ama yine de a\u011f\u0131l kap\u0131s\u0131n\u0131 nas\u0131l a\u00e7t\u0131lar akl\u0131m alm\u0131yor. Ba\u015f\u0131bo\u015f sokak k\u00f6peklerine kar\u015f\u0131 bir \u00f6nlem al\u0131nmas\u0131n\u0131 istiyorum. Yaz\u0131k oldu benim kuzular\u0131ma, \u00e7ok \u00fczg\u00fcn\u00fcm.\u201d<br \/><\/p>\n","protected":false},"excerpt":{"rendered":"<p>Denizli\u2019nin Buldan il\u00e7esinde koyun a\u011f\u0131l\u0131na giren sokak k\u00f6pekleri iki kuzuyu par\u00e7alayarak \u00f6ld\u00fcrd\u00fc. Olay esnas\u0131nda pazarda oldu\u011funu ifade eden \u00e7oban, &#8220;Bizim yoklu\u011fumuzdan yararlan\u0131p hayvanlar\u0131m\u0131 par\u00e7alam\u0131\u015flar&#8221; dedi. Olay, Buldan il\u00e7esi Bozalan Mahallesi\u2019nde meydana geldi. Edinilen bilgilere g\u00f6re, \u00e7oban Ali Murat Battal koyunlar\u0131n\u0131 otlatt\u0131ktan sonra a\u011f\u0131la kapatt\u0131. Ard\u0131ndan \u00e7oban al\u0131\u015fveri\u015f i\u00e7in Buldan pazar\u0131na gitti. Pazardan d\u00f6nd\u00fckten sonra a\u011f\u0131la&#8230;<\/p>\n","protected":false},"author":1,"featured_media":9889,"comment_status":"open","ping_status":"open","sticky":false,"template":"","format":"standard","meta":{"_crdt_document":"","footnotes":""},"categories":[5],"tags":[],"class_list":["post-9888","post","type-post","status-publish","format-standard","has-post-thumbnail","hentry","category-asayis"],"_links":{"self":[{"href":"https:\/\/www.egemtv.com\/index.php?rest_route=\/wp\/v2\/posts\/9888","targetHints":{"allow":["GET"]}}],"collection":[{"href":"https:\/\/www.egemtv.com\/index.php?rest_route=\/wp\/v2\/posts"}],"about":[{"href":"https:\/\/www.egemtv.com\/index.php?rest_route=\/wp\/v2\/types\/post"}],"author":[{"embeddable":true,"href":"https:\/\/www.egemtv.com\/index.php?rest_route=\/wp\/v2\/users\/1"}],"replies":[{"embeddable":true,"href":"https:\/\/www.egemtv.com\/index.php?rest_route=%2Fwp%2Fv2%2Fcomments&post=9888"}],"version-history":[{"count":1,"href":"https:\/\/www.egemtv.com\/index.php?rest_route=\/wp\/v2\/posts\/9888\/revisions"}],"predecessor-version":[{"id":9890,"href":"https:\/\/www.egemtv.com\/index.php?rest_route=\/wp\/v2\/posts\/9888\/revisions\/9890"}],"wp:featuredmedia":[{"embeddable":true,"href":"https:\/\/www.egemtv.com\/index.php?rest_route=\/wp\/v2\/media\/9889"}],"wp:attachment":[{"href":"https:\/\/www.egemtv.com\/index.php?rest_route=%2Fwp%2Fv2%2Fmedia&parent=9888"}],"wp:term":[{"taxonomy":"category","embeddable":true,"href":"https:\/\/www.egemtv.com\/index.php?rest_route=%2Fwp%2Fv2%2Fcategories&post=9888"},{"taxonomy":"post_tag","embeddable":true,"href":"https:\/\/www.egemtv.com\/index.php?rest_route=%2Fwp%2Fv2%2Ftags&post=9888"}],"curies":[{"name":"wp","href":"https:\/\/api.w.org\/{rel}","templated":true}]}}