{"id":9885,"date":"2025-01-17T11:58:19","date_gmt":"2025-01-17T08:58:19","guid":{"rendered":"https:\/\/www.egemtv.com\/?p=9885"},"modified":"2025-01-17T11:58:21","modified_gmt":"2025-01-17T08:58:21","slug":"selendi-mehmet-akif-ersoy-anadolu-lisesi-futbol-takimi-manisa-ikincisi-oldu","status":"publish","type":"post","link":"https:\/\/www.egemtv.com\/?p=9885","title":{"rendered":"Selendi Mehmet Akif Ersoy Anadolu Lisesi Futbol Tak\u0131m\u0131 Manisa \u0130kincisi oldu"},"content":{"rendered":"<p>Manisa Gen\u00e7lik ve Spor \u0130l M\u00fcd\u00fcrl\u00fc\u011f\u00fc taraf\u0131ndan organize edilen 2024-2025 Okul Sporlar\u0131 Gen\u00e7 Erkekler Futbol \u0130l Birincili\u011fi M\u00fcsabakalar\u0131nda \u015eampiyon, Manisa Spor Lisesi olurken Selendi Mehmet Akif Ersoy Anadolu Lisesi ikinci oldu.<br \/>\n<br \/>Manisa 8 Eyl\u00fcl Futbol Sahas\u0131nda Manisa Spor Lisesi ile Selendi Mehmet Akif Ersoy Anadolu Lisesi finalde kar\u015f\u0131 kar\u015f\u0131ya geldi. \u0130lk yar\u0131s\u0131 4-0 Manisa Spor Lisesi \u00fcst\u00fcnl\u00fc\u011f\u00fc ile sona ererken ikinci yar\u0131da Spor Lisesi 1 gol daha bularak sahadan 5-0 skorla \u015fampiyon olarak ayr\u0131ld\u0131. Selendi Mehmet Akif Ersoy Anadolu Lisesi ise ikinci oldu. Ma\u00e7 sonunda kupa ve madalyalar\u0131n\u0131 alan tak\u0131mlar\u0131n sevin\u00e7leri g\u00f6rmeye de\u011ferdi. Selendi Mehmet Akif Ersoy Anadolu Lisesi M\u00fcd\u00fcr\u00fc Nafiz Akarsu, &#8220;Okulumuz Selendi Mehmet Akif Ersoy Anadolu Lisesi final ma\u00e7\u0131 sonras\u0131nda \u0130l ikincisi, Manisa Spor Lisesi \u0130l birincisi olmu\u015ftur. \u0130limizi temsil edecek Manisa Spor Lisesine b\u00f6lge m\u00fcsabakalar\u0131nda ba\u015far\u0131lar dilerim. Bu \u00fc\u00e7 ayl\u0131k s\u00fcre zarf\u0131nda grup ma\u00e7lar\u0131nda ya\u011fmurda \u00e7amurda emek veren futbolcular\u0131m\u0131z\u0131 ve Beden E\u011fitimi \u00f6\u011fretmenimizi tebrik ediyorum. Ma\u00e7ta destek vermeye gelen Selendili hem\u015fehrilerimize te\u015fekk\u00fcr ediyorum. Bu g\u00fcne kadar her t\u00fcrl\u00fc maddi ve manevi destek veren \u0130l\u00e7e Milli E\u011fitim M\u00fcd\u00fcr\u00fcm\u00fcze ve \u0130l\u00e7e Kaymakam\u0131m\u0131za \u015f\u00fckranlar\u0131m\u0131z\u0131 sunuyorum.&#8221; dedi.<br \/><\/p>\n","protected":false},"excerpt":{"rendered":"<p>Manisa Gen\u00e7lik ve Spor \u0130l M\u00fcd\u00fcrl\u00fc\u011f\u00fc taraf\u0131ndan organize edilen 2024-2025 Okul Sporlar\u0131 Gen\u00e7 Erkekler Futbol \u0130l Birincili\u011fi M\u00fcsabakalar\u0131nda \u015eampiyon, Manisa Spor Lisesi olurken Selendi Mehmet Akif Ersoy Anadolu Lisesi ikinci oldu. Manisa 8 Eyl\u00fcl Futbol Sahas\u0131nda Manisa Spor Lisesi ile Selendi Mehmet Akif Ersoy Anadolu Lisesi finalde kar\u015f\u0131 kar\u015f\u0131ya geldi. \u0130lk yar\u0131s\u0131 4-0 Manisa Spor&#8230;<\/p>\n","protected":false},"author":1,"featured_media":9886,"comment_status":"open","ping_status":"open","sticky":false,"template":"","format":"standard","meta":{"_crdt_document":"","footnotes":""},"categories":[4],"tags":[],"class_list":["post-9885","post","type-post","status-publish","format-standard","has-post-thumbnail","hentry","category-spor"],"_links":{"self":[{"href":"https:\/\/www.egemtv.com\/index.php?rest_route=\/wp\/v2\/posts\/9885","targetHints":{"allow":["GET"]}}],"collection":[{"href":"https:\/\/www.egemtv.com\/index.php?rest_route=\/wp\/v2\/posts"}],"about":[{"href":"https:\/\/www.egemtv.com\/index.php?rest_route=\/wp\/v2\/types\/post"}],"author":[{"embeddable":true,"href":"https:\/\/www.egemtv.com\/index.php?rest_route=\/wp\/v2\/users\/1"}],"replies":[{"embeddable":true,"href":"https:\/\/www.egemtv.com\/index.php?rest_route=%2Fwp%2Fv2%2Fcomments&post=9885"}],"version-history":[{"count":1,"href":"https:\/\/www.egemtv.com\/index.php?rest_route=\/wp\/v2\/posts\/9885\/revisions"}],"predecessor-version":[{"id":9887,"href":"https:\/\/www.egemtv.com\/index.php?rest_route=\/wp\/v2\/posts\/9885\/revisions\/9887"}],"wp:featuredmedia":[{"embeddable":true,"href":"https:\/\/www.egemtv.com\/index.php?rest_route=\/wp\/v2\/media\/9886"}],"wp:attachment":[{"href":"https:\/\/www.egemtv.com\/index.php?rest_route=%2Fwp%2Fv2%2Fmedia&parent=9885"}],"wp:term":[{"taxonomy":"category","embeddable":true,"href":"https:\/\/www.egemtv.com\/index.php?rest_route=%2Fwp%2Fv2%2Fcategories&post=9885"},{"taxonomy":"post_tag","embeddable":true,"href":"https:\/\/www.egemtv.com\/index.php?rest_route=%2Fwp%2Fv2%2Ftags&post=9885"}],"curies":[{"name":"wp","href":"https:\/\/api.w.org\/{rel}","templated":true}]}}