{"id":9882,"date":"2025-01-17T11:56:01","date_gmt":"2025-01-17T08:56:01","guid":{"rendered":"https:\/\/www.egemtv.com\/?p=9882"},"modified":"2025-01-17T11:56:03","modified_gmt":"2025-01-17T08:56:03","slug":"teknofest-birincileri-calda-genclerle-bulustu","status":"publish","type":"post","link":"https:\/\/www.egemtv.com\/?p=9882","title":{"rendered":"Teknofest birincileri, \u00c7al\u2019da gen\u00e7lerle bulu\u015ftu"},"content":{"rendered":"<p>Teknofest Roket Yar\u0131\u015fmas\u0131n\u0131n 2023 y\u0131l\u0131 \u015fampiyonu olan Thunderbolt Tak\u0131m\u0131, \u00c7al Gen\u00e7lik Merkezinde gen\u00e7lerle roket yar\u0131\u015fmas\u0131 deneyimlerini payla\u015ft\u0131.<\/p>\n<p>2023 Teknofest Roket Yar\u0131\u015fmas\u0131\u2019nda birinci olan Denizli Nezihe Derya Baltal\u0131 Bilim Sanat Merkezi \u00f6\u011frencilerinin olu\u015fturdu\u011fu Thunderbolt tak\u0131m\u0131 \u00c7al Gen\u00e7lik Merkezi\u2019nde d\u00fczenlenen s\u00f6yle\u015fide, roket tasar\u0131m\u0131 ve yar\u0131\u015fma deneyimlerini \u00f6\u011frencilerle payla\u015ft\u0131.<\/p>\n<p>2023 Teknofest Roket Yar\u0131\u015fmas\u0131\u2019nda birinci olan Denizli Nezihe Derya Baltal\u0131 Bilim Sanat Merkezi \u00f6\u011frencilerinin olu\u015fturdu\u011fu Thunderbolt tak\u0131m\u0131, \u00c7al\u2019da \u00f6\u011frencilerle bir araya geldi. Thunderbolt tak\u0131m\u0131 yar\u0131\u015fma ve roket deneyimlerini gen\u00e7 \u00f6\u011frencilerle payla\u015ft\u0131. S\u00f6yle\u015fiye, il\u00e7e Milli e\u011fitim m\u00fcd\u00fcr\u00fc Yakup Aksoy \u00f6\u011fretmenler ve \u00f6\u011frenciler kat\u0131ld\u0131. Teknofest yar\u0131\u015fmalar\u0131n\u0131n detaylar\u0131n\u0131 \u00f6\u011frenen \u00f6\u011frenciler, roket tasar\u0131m\u0131, yap\u0131m\u0131 ve u\u00e7u\u015f s\u00fcre\u00e7leri hakk\u0131nda da bilgiler edindiler.<br \/><\/p>\n","protected":false},"excerpt":{"rendered":"<p>Teknofest Roket Yar\u0131\u015fmas\u0131n\u0131n 2023 y\u0131l\u0131 \u015fampiyonu olan Thunderbolt Tak\u0131m\u0131, \u00c7al Gen\u00e7lik Merkezinde gen\u00e7lerle roket yar\u0131\u015fmas\u0131 deneyimlerini payla\u015ft\u0131. 2023 Teknofest Roket Yar\u0131\u015fmas\u0131\u2019nda birinci olan Denizli Nezihe Derya Baltal\u0131 Bilim Sanat Merkezi \u00f6\u011frencilerinin olu\u015fturdu\u011fu Thunderbolt tak\u0131m\u0131 \u00c7al Gen\u00e7lik Merkezi\u2019nde d\u00fczenlenen s\u00f6yle\u015fide, roket tasar\u0131m\u0131 ve yar\u0131\u015fma deneyimlerini \u00f6\u011frencilerle payla\u015ft\u0131. 2023 Teknofest Roket Yar\u0131\u015fmas\u0131\u2019nda birinci olan Denizli Nezihe Derya&#8230;<\/p>\n","protected":false},"author":1,"featured_media":9883,"comment_status":"open","ping_status":"open","sticky":false,"template":"","format":"standard","meta":{"_crdt_document":"","footnotes":""},"categories":[1],"tags":[],"class_list":["post-9882","post","type-post","status-publish","format-standard","has-post-thumbnail","hentry","category-guncel"],"_links":{"self":[{"href":"https:\/\/www.egemtv.com\/index.php?rest_route=\/wp\/v2\/posts\/9882","targetHints":{"allow":["GET"]}}],"collection":[{"href":"https:\/\/www.egemtv.com\/index.php?rest_route=\/wp\/v2\/posts"}],"about":[{"href":"https:\/\/www.egemtv.com\/index.php?rest_route=\/wp\/v2\/types\/post"}],"author":[{"embeddable":true,"href":"https:\/\/www.egemtv.com\/index.php?rest_route=\/wp\/v2\/users\/1"}],"replies":[{"embeddable":true,"href":"https:\/\/www.egemtv.com\/index.php?rest_route=%2Fwp%2Fv2%2Fcomments&post=9882"}],"version-history":[{"count":1,"href":"https:\/\/www.egemtv.com\/index.php?rest_route=\/wp\/v2\/posts\/9882\/revisions"}],"predecessor-version":[{"id":9884,"href":"https:\/\/www.egemtv.com\/index.php?rest_route=\/wp\/v2\/posts\/9882\/revisions\/9884"}],"wp:featuredmedia":[{"embeddable":true,"href":"https:\/\/www.egemtv.com\/index.php?rest_route=\/wp\/v2\/media\/9883"}],"wp:attachment":[{"href":"https:\/\/www.egemtv.com\/index.php?rest_route=%2Fwp%2Fv2%2Fmedia&parent=9882"}],"wp:term":[{"taxonomy":"category","embeddable":true,"href":"https:\/\/www.egemtv.com\/index.php?rest_route=%2Fwp%2Fv2%2Fcategories&post=9882"},{"taxonomy":"post_tag","embeddable":true,"href":"https:\/\/www.egemtv.com\/index.php?rest_route=%2Fwp%2Fv2%2Ftags&post=9882"}],"curies":[{"name":"wp","href":"https:\/\/api.w.org\/{rel}","templated":true}]}}